{"id":3918,"date":"2015-06-15T22:13:58","date_gmt":"2015-06-15T21:13:58","guid":{"rendered":"http:\/\/www.faesafor.com\/es\/?p=3918"},"modified":"2016-02-14T17:29:49","modified_gmt":"2016-02-14T16:29:49","slug":"tres-ponentes-de-lujo-debatiran-sobre-la-empresa-y-el-deporte-en-fomento","status":"publish","type":"post","link":"https:\/\/faesafor.com\/es\/tres-ponentes-de-lujo-debatiran-sobre-la-empresa-y-el-deporte-en-fomento\/","title":{"rendered":"Tres ponentes de lujo debatir\u00e1n sobre la empresa y el deporte en Fomento"},"content":{"rendered":"<p><a href=\"http:\/\/www.faesafor.com\/es\/wp-content\/uploads\/2015\/06\/evento-trio-ases.jpg\"><img fetchpriority=\"high\" decoding=\"async\" class=\" size-full wp-image-3919 aligncenter\" src=\"http:\/\/www.faesafor.com\/es\/wp-content\/uploads\/2015\/06\/evento-trio-ases.jpg\" alt=\"evento-trio-ases\" width=\"595\" height=\"842\" \/><\/a><\/p>\n<p>Fomento acoger\u00e1 este pr\u00f3ximo mi\u00e9rcoles, 17 de junio, a partir de las 19.30 horas la mesa redonda &#8216;Vinculaci\u00f3n entre la empresa y el deporte&#8217;. En esta edici\u00f3n, habr\u00e1 una mesa redonda con tres ponentes de lujo para hablar de la vinculaci\u00f3n de la empresa y el deporte.<!--more--><\/p>\n<p>Nos referimos a Jos\u00e9 Garc\u00eda Roig, ex miembro del Consejo de Administraci\u00f3n del Valencia C.F., as\u00ed como ex patrono de la Fundaci\u00f3n del VCF. Por otro lado, Toni Puig, director de la escuela de atletismo CC El Garb\u00ed, entrenador nacional de atletismo RFEA y m\u00e1ster en alto rendimiento deportivo COE. Y Daniel As\u00eds Boyer, director del Club de Golf Oliva Nova, presidente de la Fundaci\u00f3n Club Manager Spain para la formaci\u00f3n de directores de clubs.<\/p>\n<p>Y como siempre, al terminar la ponencia, habr\u00e1 un vino de honor para poder hacer un poco de networking entre los asistentes. Recordad que el precio es de 5 euros para socios y de 10 euros para los no socios. Anticipadas en la plataforma de pago, 6 euros; y 12 euros el mismo d\u00eda en la puerta. Organiza: Networking Safor.<\/p>\n","protected":false},"excerpt":{"rendered":"<p>Fomento acoger\u00e1 este pr\u00f3ximo mi\u00e9rcoles, 17 de junio, a partir de las 19.30 horas la mesa redonda &#8216;Vinculaci\u00f3n entre la<\/p>\n","protected":false},"author":33,"featured_media":0,"comment_status":"open","ping_status":"open","sticky":false,"template":"","format":"standard","meta":{"colormag_page_layout":"default_layout","footnotes":""},"categories":[],"tags":[],"class_list":["post-3918","post","type-post","status-publish","format-standard","hentry"],"_links":{"self":[{"href":"https:\/\/faesafor.com\/es\/wp-json\/wp\/v2\/posts\/3918","targetHints":{"allow":["GET"]}}],"collection":[{"href":"https:\/\/faesafor.com\/es\/wp-json\/wp\/v2\/posts"}],"about":[{"href":"https:\/\/faesafor.com\/es\/wp-json\/wp\/v2\/types\/post"}],"author":[{"embeddable":true,"href":"https:\/\/faesafor.com\/es\/wp-json\/wp\/v2\/users\/33"}],"replies":[{"embeddable":true,"href":"https:\/\/faesafor.com\/es\/wp-json\/wp\/v2\/comments?post=3918"}],"version-history":[{"count":0,"href":"https:\/\/faesafor.com\/es\/wp-json\/wp\/v2\/posts\/3918\/revisions"}],"wp:attachment":[{"href":"https:\/\/faesafor.com\/es\/wp-json\/wp\/v2\/media?parent=3918"}],"wp:term":[{"taxonomy":"category","embeddable":true,"href":"https:\/\/faesafor.com\/es\/wp-json\/wp\/v2\/categories?post=3918"},{"taxonomy":"post_tag","embeddable":true,"href":"https:\/\/faesafor.com\/es\/wp-json\/wp\/v2\/tags?post=3918"}],"curies":[{"name":"wp","href":"https:\/\/api.w.org\/{rel}","templated":true}]}}