{"id":3921,"date":"2015-06-18T12:51:55","date_gmt":"2015-06-18T12:51:55","guid":{"rendered":"http:\/\/www.faesafor.com\/es\/?p=3921"},"modified":"2015-06-18T12:53:00","modified_gmt":"2015-06-18T12:53:00","slug":"los-comercios-asociados-a-acco-presentes-en-la-fira-de-fires","status":"publish","type":"post","link":"https:\/\/faesafor.com\/es\/los-comercios-asociados-a-acco-presentes-en-la-fira-de-fires\/","title":{"rendered":"Los comercios asociados a ACCO presentes en la Fira de Fires"},"content":{"rendered":"<p><a href=\"http:\/\/www.faesafor.com\/es\/wp-content\/uploads\/2015\/06\/ACCO.jpg\"><img fetchpriority=\"high\" decoding=\"async\" class=\"alignnone wp-image-3922\" src=\"http:\/\/www.faesafor.com\/es\/wp-content\/uploads\/2015\/06\/ACCO.jpg\" alt=\"ACCO\" width=\"655\" height=\"491\" \/><\/a><\/p>\n<p>Con la llegada del verano, la Associaci\u00f3n de Comerciantes de Oliva (ACCO) celebra la Feria de Comercio con la \u201cNit Oberta\u201d, una noche donde los comercios de Oliva sacan sus tiendas a la calle para estar m\u00e1s pr\u00f3ximos a sus clientes.<!--more--><\/p>\n<p>ACCO ya celebra su tercera edici\u00f3n de la \u201cNit Oberta\u201d, pero en esta ocasi\u00f3n ser\u00e1 m\u00e1s especial. El pr\u00f3ximo fin de semana las calles de Oliva se llenar\u00e1n de gente para disfrutar de la \u201cFira de Fires\u201d donde podremos encontrar diferentes actuaciones y mercados, y los comercios locales asociados no pod\u00edan faltar a este acontecimiento.<\/p>\n<p>En esta edici\u00f3n, ACCO ha querido participar en la \u201cFira de Fires\u201d de Oliva y, por eso, este a\u00f1o la \u201cNit Oberta\u201d tendr\u00e1 lugar el s\u00e1bado 20 de junio, de 18.30 a 01 h, en el Paseo Juan Carlos I (junto a la parada de taxis).<\/p>\n<p>Cerca de 40 comercios presentar\u00e1n sus productos a los mejores precios y con la garant\u00eda de tu comercio. Entre los diferentes comercios encontraremos ropa y zapatos de calidad para adultos y ni\u00f1os, todo tipo de complementos, joyer\u00edas, \u00f3pticas profesionales, manualidades, art\u00edculos para el hogar y otros servicios locales.<\/p>\n","protected":false},"excerpt":{"rendered":"<p>Con la llegada del verano, la Associaci\u00f3n de Comerciantes de Oliva (ACCO) celebra la Feria de Comercio con la \u201cNit<\/p>\n","protected":false},"author":33,"featured_media":0,"comment_status":"open","ping_status":"open","sticky":false,"template":"","format":"standard","meta":{"colormag_page_layout":"default_layout","footnotes":""},"categories":[],"tags":[],"class_list":["post-3921","post","type-post","status-publish","format-standard","hentry"],"_links":{"self":[{"href":"https:\/\/faesafor.com\/es\/wp-json\/wp\/v2\/posts\/3921","targetHints":{"allow":["GET"]}}],"collection":[{"href":"https:\/\/faesafor.com\/es\/wp-json\/wp\/v2\/posts"}],"about":[{"href":"https:\/\/faesafor.com\/es\/wp-json\/wp\/v2\/types\/post"}],"author":[{"embeddable":true,"href":"https:\/\/faesafor.com\/es\/wp-json\/wp\/v2\/users\/33"}],"replies":[{"embeddable":true,"href":"https:\/\/faesafor.com\/es\/wp-json\/wp\/v2\/comments?post=3921"}],"version-history":[{"count":0,"href":"https:\/\/faesafor.com\/es\/wp-json\/wp\/v2\/posts\/3921\/revisions"}],"wp:attachment":[{"href":"https:\/\/faesafor.com\/es\/wp-json\/wp\/v2\/media?parent=3921"}],"wp:term":[{"taxonomy":"category","embeddable":true,"href":"https:\/\/faesafor.com\/es\/wp-json\/wp\/v2\/categories?post=3921"},{"taxonomy":"post_tag","embeddable":true,"href":"https:\/\/faesafor.com\/es\/wp-json\/wp\/v2\/tags?post=3921"}],"curies":[{"name":"wp","href":"https:\/\/api.w.org\/{rel}","templated":true}]}}