{"id":4102,"date":"2015-10-17T12:06:40","date_gmt":"2015-10-17T10:06:40","guid":{"rendered":"http:\/\/www.faesafor.com\/es\/?p=4102"},"modified":"2015-10-17T12:06:40","modified_gmt":"2015-10-17T10:06:40","slug":"la-asociacion-de-empresarios-de-daimus-y-sus-poligonos-apuesta-por-las-nuevas-tecnologias","status":"publish","type":"post","link":"https:\/\/faesafor.com\/es\/la-asociacion-de-empresarios-de-daimus-y-sus-poligonos-apuesta-por-las-nuevas-tecnologias\/","title":{"rendered":"La Asociaci\u00f3n de Empresarios de Daim\u00fas y sus pol\u00edgonos apuesta por las nuevas tecnolog\u00edas"},"content":{"rendered":"<p class=\"western\"><a href=\"http:\/\/www.faesafor.com\/es\/wp-content\/uploads\/2015\/10\/Pol\u00edgono-Daim\u00fas.jpg\"><img fetchpriority=\"high\" decoding=\"async\" class=\"aligncenter size-medium wp-image-4103\" src=\"http:\/\/www.faesafor.com\/es\/wp-content\/uploads\/2015\/10\/Pol\u00edgono-Daim\u00fas-300x225.jpg\" alt=\"Pol\u00edgono Daim\u00fas\" width=\"300\" height=\"225\" \/><\/a><\/p>\n<p class=\"western\">El presidente de la Asociaci\u00f3n de Empresarios de Daim\u00fas y sus pol\u00edgonos, Guillermo Mayor, ha comparecido esta ma\u00f1ana en rueda de prensa, con motivo de la celebraci\u00f3n de la Gala Premios FAES 2015, mostr\u00e1ndose satisfecho por la labor que est\u00e1n desarrollando desde la entidad. Mayor ha destacado que, entre sus objetivos, estaba el abrirse a Internet algo que ha sido posible gracias a la creaci\u00f3n de diversos grupos de trabajo en Whatsapp y redes sociales.<!--more--><\/p>\n<p class=\"western\">Para 2016, el presidente de la entidad, ha incidido en que intentar\u00e1n utilizar todas estas herramientas para que entre los miembros de la asociaci\u00f3n \u201cestemos m\u00e1s comunicados con el fin de darles a conocer todos los servicios que prestamos, sinti\u00e9ndonos un equipo\u201d.<\/p>\n<p class=\"western\" align=\"JUSTIFY\"><span style=\"font-family: 'Liberation Serif', 'Times New Roman', serif;\">La asociaci\u00f3n cuenta con 35 miembros y con servicios de formaci\u00f3n y asesoramiento. Entre sus reivindicaciones, seg\u00fan Mayor, se encuentran las obras de acceso Norte al puerto de Gandia. Unas obras que \u201cse desarrollar\u00edan justo al lado de nuestro municipio y que beneficiar\u00edan mucho al pol\u00edgono y a la industria con la creaci\u00f3n de nuestros puestos de trabajo\u201d.<\/span><\/p>\n","protected":false},"excerpt":{"rendered":"<p>El presidente de la Asociaci\u00f3n de Empresarios de Daim\u00fas y sus pol\u00edgonos, Guillermo Mayor, ha comparecido esta ma\u00f1ana en rueda<\/p>\n","protected":false},"author":33,"featured_media":0,"comment_status":"open","ping_status":"open","sticky":false,"template":"","format":"standard","meta":{"colormag_page_layout":"default_layout","footnotes":""},"categories":[],"tags":[],"class_list":["post-4102","post","type-post","status-publish","format-standard","hentry"],"_links":{"self":[{"href":"https:\/\/faesafor.com\/es\/wp-json\/wp\/v2\/posts\/4102","targetHints":{"allow":["GET"]}}],"collection":[{"href":"https:\/\/faesafor.com\/es\/wp-json\/wp\/v2\/posts"}],"about":[{"href":"https:\/\/faesafor.com\/es\/wp-json\/wp\/v2\/types\/post"}],"author":[{"embeddable":true,"href":"https:\/\/faesafor.com\/es\/wp-json\/wp\/v2\/users\/33"}],"replies":[{"embeddable":true,"href":"https:\/\/faesafor.com\/es\/wp-json\/wp\/v2\/comments?post=4102"}],"version-history":[{"count":0,"href":"https:\/\/faesafor.com\/es\/wp-json\/wp\/v2\/posts\/4102\/revisions"}],"wp:attachment":[{"href":"https:\/\/faesafor.com\/es\/wp-json\/wp\/v2\/media?parent=4102"}],"wp:term":[{"taxonomy":"category","embeddable":true,"href":"https:\/\/faesafor.com\/es\/wp-json\/wp\/v2\/categories?post=4102"},{"taxonomy":"post_tag","embeddable":true,"href":"https:\/\/faesafor.com\/es\/wp-json\/wp\/v2\/tags?post=4102"}],"curies":[{"name":"wp","href":"https:\/\/api.w.org\/{rel}","templated":true}]}}