{"id":4205,"date":"2015-12-11T14:52:09","date_gmt":"2015-12-11T13:52:09","guid":{"rendered":"http:\/\/www.faesafor.com\/es\/?p=4205"},"modified":"2016-12-06T13:15:57","modified_gmt":"2016-12-06T12:15:57","slug":"fomento-y-caixabank-formalizan-la-renovacion-de-su-convenio","status":"publish","type":"post","link":"https:\/\/faesafor.com\/es\/fomento-y-caixabank-formalizan-la-renovacion-de-su-convenio\/","title":{"rendered":"Fomento renueva su convenio de colaboraci\u00f3n con CaixaBank"},"content":{"rendered":"<p align=\"JUSTIFY\"><span style=\"font-family: Arial, serif;\"><span style=\"font-size: medium;\">El presidente de Fomento, Joaqu\u00edn Bernabeu, y el vicepresidente del \u00e1rea Social, Antonio Mu\u00f1oz, se han reunido esta ma\u00f1ana con el director del \u00e1rea de Negocio, Carlos A. Campos, y el director de la oficina principal de Gandia, de CaixaBank (La Caixa), Carlos Juan, para formalizar la firma de renovaci\u00f3n de este convenio en las instalaciones de Fomento.<\/span><\/span><!--more--><\/p>\n<p align=\"JUSTIFY\"><span style=\"font-family: Arial, serif;\"><span style=\"font-size: medium;\">Durante el acto, el presidente de Fomento ha expresado su agradecimiento por el apoyo de la entidad CaixaBank al proyecto de Fomento. <\/span><\/span><span style=\"font-family: Arial, serif;\"><span style=\"font-size: medium;\">\u201cNuestra entidad, re\u00fane a empresarios y liberales de Gandia y comarca, agradecemos que CaixaBank realice sus reuniones y actividades de zona en estas instalaciones\u201d.<\/span><\/span><\/p>\n<p align=\"JUSTIFY\"><span style=\"font-family: Arial, serif;\"><span style=\"font-size: medium;\">Por su parte, el director de zona, Carlos Campos, ha manifestado su agradecimiento y ha destacado la buena acogida del presidente y los miembros de la Junta Directiva de Fomento, expresando adem\u00e1s su inter\u00e9s en seguir colaborando con Fomento de las actividades empresariales que dinamizan Gandia y Comarca.<\/span><\/span><\/p>\n<p align=\"JUSTIFY\"><span style=\"font-family: Arial, serif;\"><span style=\"font-size: medium;\">El convenio suscrito entre Fomento y CaixaBank tiene car\u00e1cter anual y contempla la cesi\u00f3n de las aulas formativas de esta entidad, para realizar acciones dirigidas a profesionales y empresarios.<\/span><\/span><\/p>\n","protected":false},"excerpt":{"rendered":"<p>El presidente de Fomento, Joaqu\u00edn Bernabeu, y el vicepresidente del \u00e1rea Social, Antonio Mu\u00f1oz, se han reunido esta ma\u00f1ana con<\/p>\n","protected":false},"author":33,"featured_media":0,"comment_status":"open","ping_status":"open","sticky":false,"template":"","format":"standard","meta":{"colormag_page_layout":"default_layout","footnotes":""},"categories":[],"tags":[],"class_list":["post-4205","post","type-post","status-publish","format-standard","hentry"],"_links":{"self":[{"href":"https:\/\/faesafor.com\/es\/wp-json\/wp\/v2\/posts\/4205","targetHints":{"allow":["GET"]}}],"collection":[{"href":"https:\/\/faesafor.com\/es\/wp-json\/wp\/v2\/posts"}],"about":[{"href":"https:\/\/faesafor.com\/es\/wp-json\/wp\/v2\/types\/post"}],"author":[{"embeddable":true,"href":"https:\/\/faesafor.com\/es\/wp-json\/wp\/v2\/users\/33"}],"replies":[{"embeddable":true,"href":"https:\/\/faesafor.com\/es\/wp-json\/wp\/v2\/comments?post=4205"}],"version-history":[{"count":0,"href":"https:\/\/faesafor.com\/es\/wp-json\/wp\/v2\/posts\/4205\/revisions"}],"wp:attachment":[{"href":"https:\/\/faesafor.com\/es\/wp-json\/wp\/v2\/media?parent=4205"}],"wp:term":[{"taxonomy":"category","embeddable":true,"href":"https:\/\/faesafor.com\/es\/wp-json\/wp\/v2\/categories?post=4205"},{"taxonomy":"post_tag","embeddable":true,"href":"https:\/\/faesafor.com\/es\/wp-json\/wp\/v2\/tags?post=4205"}],"curies":[{"name":"wp","href":"https:\/\/api.w.org\/{rel}","templated":true}]}}