{"id":4379,"date":"2016-02-14T20:25:55","date_gmt":"2016-02-14T19:25:55","guid":{"rendered":"http:\/\/www.faesafor.com\/es\/?p=4379"},"modified":"2016-02-19T10:48:38","modified_gmt":"2016-02-19T09:48:38","slug":"faes-y-umivale-organizan-la-jornada-ultimas-novedades-en-materia-de-seguridad-social-ley-de-presupuestos-generales-del-estado","status":"publish","type":"post","link":"https:\/\/faesafor.com\/es\/faes-y-umivale-organizan-la-jornada-ultimas-novedades-en-materia-de-seguridad-social-ley-de-presupuestos-generales-del-estado\/","title":{"rendered":"FAES y Umivale organizan la jornada &#8216;\u00daltimas novedades en materia de Seguridad Social Ley de Presupuestos Generales del Estado&#8217;"},"content":{"rendered":"<p>La Federaci\u00f3n de Asociaciones de Empresarios de la Safor y Umivale; en colaboraci\u00f3n con Fomento, la Tesorer\u00eda General de la Seguridad Social y el Instituto Nacional de la Seguridad Social, han organizado para el pr\u00f3ximo jueves, 18 de febrero a las 16 horas, la jornada &#8216;\u00daltimas novedades en materia de Seguridad Social Ley de Presupuestos Generales del Estado&#8217;.<!--more--><\/p>\n<p>La jornada, que se celebrar\u00e1 en las instalaciones de Fomento, tiene por objeto exponer las novedades en el orden socio-laboral contenidas en la Ley de Presupuestos Generales del Estado para 2016. Adem\u00e1s, se informar\u00e1 sobre el Real Decreto legislativo 8\/2015, de 30 de octubre, por el que se aprueba el Texto Refundido de la Ley General de la Seguridad Social. Por otro lado, se tratar\u00e1n otros proyectos de inter\u00e9s en el \u00e1mbito del INSS y la TGSS.<\/p>\n<p>La inscripci\u00f3n a la jornada, que es gratuita, se realizar\u00e1 por riguroso orden de recepci\u00f3n. Pueden dirigir su confirmaci\u00f3n de asistencia a trav\u00e9s del correo electr\u00f3nico fdocon@umivale.es o llamando al 96 286 87 01.<\/p>\n","protected":false},"excerpt":{"rendered":"<p>La Federaci\u00f3n de Asociaciones de Empresarios de la Safor y Umivale; en colaboraci\u00f3n con Fomento, la Tesorer\u00eda General de la Seguridad Social y el Instituto Nacional de la Seguridad Social, han organizado para el pr\u00f3ximo jueves, 18 de febrero a las 16 horas, la jornada &#8216;\u00daltimas novedades en materia de Seguridad Social Ley de Presupuestos Generales del Estado&#8217;.<\/p>\n","protected":false},"author":33,"featured_media":0,"comment_status":"open","ping_status":"open","sticky":false,"template":"","format":"standard","meta":{"colormag_page_layout":"default_layout","footnotes":""},"categories":[],"tags":[],"class_list":["post-4379","post","type-post","status-publish","format-standard","hentry"],"_links":{"self":[{"href":"https:\/\/faesafor.com\/es\/wp-json\/wp\/v2\/posts\/4379","targetHints":{"allow":["GET"]}}],"collection":[{"href":"https:\/\/faesafor.com\/es\/wp-json\/wp\/v2\/posts"}],"about":[{"href":"https:\/\/faesafor.com\/es\/wp-json\/wp\/v2\/types\/post"}],"author":[{"embeddable":true,"href":"https:\/\/faesafor.com\/es\/wp-json\/wp\/v2\/users\/33"}],"replies":[{"embeddable":true,"href":"https:\/\/faesafor.com\/es\/wp-json\/wp\/v2\/comments?post=4379"}],"version-history":[{"count":0,"href":"https:\/\/faesafor.com\/es\/wp-json\/wp\/v2\/posts\/4379\/revisions"}],"wp:attachment":[{"href":"https:\/\/faesafor.com\/es\/wp-json\/wp\/v2\/media?parent=4379"}],"wp:term":[{"taxonomy":"category","embeddable":true,"href":"https:\/\/faesafor.com\/es\/wp-json\/wp\/v2\/categories?post=4379"},{"taxonomy":"post_tag","embeddable":true,"href":"https:\/\/faesafor.com\/es\/wp-json\/wp\/v2\/tags?post=4379"}],"curies":[{"name":"wp","href":"https:\/\/api.w.org\/{rel}","templated":true}]}}