{"id":4466,"date":"2016-03-01T17:59:32","date_gmt":"2016-03-01T16:59:32","guid":{"rendered":"http:\/\/www.faesafor.com\/es\/?p=4466"},"modified":"2016-03-01T18:01:30","modified_gmt":"2016-03-01T17:01:30","slug":"la-cev-convoca-la-ix-edicion-de-los-premios-llum","status":"publish","type":"post","link":"https:\/\/faesafor.com\/es\/la-cev-convoca-la-ix-edicion-de-los-premios-llum\/","title":{"rendered":"La CEV convoca la IX edici\u00f3n de los Premios Llum"},"content":{"rendered":"<p>La Confederaci\u00f3n Empresarial Valenciana convoca la IX edici\u00f3n de los Premios Llum en reconocimiento a la gesti\u00f3n preventiva que las empresas realizan mediante la implantaci\u00f3n de sistemas y medidas de seguridad y salud en el trabajo.<\/p>\n<p>Los Premios Llum pretenden reconocer el esfuerzo y compromiso del colectivo empresarial con la prevenci\u00f3n de los riesgos laborales como f\u00f3rmula id\u00f3nea de salvaguardar la seguridad y la salud de sus trabajadores y consolidar la competitividad de las empresas.<\/p>\n<p>La convocatoria establece dos categor\u00edas:<\/p>\n<p>1. Trayectoria empresa segura<br \/>\n2. Trayectoria empresa segura PYME.<\/p>\n<p>En esta IX edici\u00f3n la entrega de premios se celebrar\u00e1 en el recinto ferial, en el marco de Feria LABORALIA 2016, la \u00faltima semana del mes de septiembre.<\/p>\n<p>Por este motivo y excepcionalmente, el plazo para la presentaci\u00f3n de las candidaturas finaliza el pr\u00f3ximo 15 de julio de 2016. Se anexan las bases y la convocatoria.<\/p>\n<p><a href=\"http:\/\/www.faesafor.com\/es\/wp-content\/uploads\/2016\/03\/BASES-Y-CONVOCATORIA-IX-EDICI\u00d3N-PREMIOS-LLUM-2016.pdf\" rel=\"\">BASES Y CONVOCATORIA- IX EDICI\u00d3N PREMIOS LLUM 2016<\/a><\/p>\n","protected":false},"excerpt":{"rendered":"<p>La Confederaci\u00f3n Empresarial Valenciana convoca la IX edici\u00f3n de los Premios Llum en reconocimiento a la gesti\u00f3n preventiva que las empresas realizan mediante la implantaci\u00f3n de sistemas y medidas de seguridad y salud en el trabajo.<\/p>\n","protected":false},"author":33,"featured_media":0,"comment_status":"open","ping_status":"open","sticky":false,"template":"","format":"standard","meta":{"colormag_page_layout":"default_layout","footnotes":""},"categories":[],"tags":[],"class_list":["post-4466","post","type-post","status-publish","format-standard","hentry"],"_links":{"self":[{"href":"https:\/\/faesafor.com\/es\/wp-json\/wp\/v2\/posts\/4466","targetHints":{"allow":["GET"]}}],"collection":[{"href":"https:\/\/faesafor.com\/es\/wp-json\/wp\/v2\/posts"}],"about":[{"href":"https:\/\/faesafor.com\/es\/wp-json\/wp\/v2\/types\/post"}],"author":[{"embeddable":true,"href":"https:\/\/faesafor.com\/es\/wp-json\/wp\/v2\/users\/33"}],"replies":[{"embeddable":true,"href":"https:\/\/faesafor.com\/es\/wp-json\/wp\/v2\/comments?post=4466"}],"version-history":[{"count":0,"href":"https:\/\/faesafor.com\/es\/wp-json\/wp\/v2\/posts\/4466\/revisions"}],"wp:attachment":[{"href":"https:\/\/faesafor.com\/es\/wp-json\/wp\/v2\/media?parent=4466"}],"wp:term":[{"taxonomy":"category","embeddable":true,"href":"https:\/\/faesafor.com\/es\/wp-json\/wp\/v2\/categories?post=4466"},{"taxonomy":"post_tag","embeddable":true,"href":"https:\/\/faesafor.com\/es\/wp-json\/wp\/v2\/tags?post=4466"}],"curies":[{"name":"wp","href":"https:\/\/api.w.org\/{rel}","templated":true}]}}