{"id":4571,"date":"2016-03-15T17:12:47","date_gmt":"2016-03-15T16:12:47","guid":{"rendered":"http:\/\/www.faesafor.com\/es\/?p=4571"},"modified":"2016-03-16T19:39:17","modified_gmt":"2016-03-16T18:39:17","slug":"ayudas-de-la-agencia-valenciana-del-turisme-dirigidas-a-la-celebracion-de-actividades-deportivas-y-culturales-en-la-comunitat","status":"publish","type":"post","link":"https:\/\/faesafor.com\/es\/ayudas-de-la-agencia-valenciana-del-turisme-dirigidas-a-la-celebracion-de-actividades-deportivas-y-culturales-en-la-comunitat\/","title":{"rendered":"Ayudas de la Ag\u00e8ncia Valenciana del Turisme dirigidas a la celebraci\u00f3n de actividades deportivas y culturales en la Comunitat"},"content":{"rendered":"<p>Se ha publicado en el DOCV del pasado 10 de marzo la convocatoria 2016 de <b>ayudas <\/b>de la Ag\u00e8ncia Valenciana del Turisme dirigidas <b>a la celebraci\u00f3n de actividades deportivas y culturales <\/b>en la Comunitat Valenciana <b>de impacto tur\u00edstico internacional<\/b>.<\/p>\n<p><u>Beneficiarios<\/u><br \/>\nEmpresas, Asociaciones, Federaciones y Fundaciones.<\/p>\n<p><u>Acciones subvencionables<\/u><br \/>\nOrganizaci\u00f3n, promoci\u00f3n y difusi\u00f3n en mercados internacionales de <b>campeonatos, pruebas, concentraciones y eventos deportivos <\/b>ol\u00edmpicos del calendario internacional, y <b>festivales de m\u00fasica <\/b>de car\u00e1cter internacional, que se celebren en la Comunitat Valenciana.<br \/>\nLos costes subvencionables, cuyo coste debe ser <b>superior a 20.000 \u20ac<\/b>, alcanzan las campa\u00f1as de publicidad en medios de comunicaci\u00f3n on y off-line, otros soportes de difusi\u00f3n (folletos, carteles, vallas, pancartas, etc.), y los gastos directos de organizaci\u00f3n sin que superen el 20 %de los costes, relativos al montaje de instalaciones y alquiler de equipos, que se realicen entre el 1 de enero y la fecha que se fije en la resoluci\u00f3n de concesi\u00f3n de la ayuda nunca posterior al 30 de noviembre de 2016.<\/p>\n<p><u>Ayuda<\/u><br \/>\nHasta el 70% del coste subvencionable, con un l\u00edmite de 60.000 \u20ac por beneficiario.<\/p>\n<p><u>Solicitud<\/u><br \/>\nLa solicitud se puede encontrar en el Anexo II de la convocatoria, y se podr\u00e1 presentar junto con la documentaci\u00f3n requerida en la sede de la Agencia Valenciana de Turisme, o <a href=\"http:\/\/www.gva.es\/es\/inicio\/procedimientos?id_proc=17992\" target=\"_blank\">v\u00eda telem\u00e1tica<\/a>, hasta el <b>30 de marzo de 2016<\/b>.<\/p>\n<p><u>Convocatoria<\/u><br \/>\n<a href=\"http:\/\/www.docv.gva.es\/datos\/2016\/03\/10\/pdf\/2016_1684.pdf\" target=\"_blank\">Resoluci\u00f3n de 7 de marzo de 2016, del presidente de la Agencia Valenciana del Turisme, por la que se convocan las ayudas de la Agencia para el ejercicio 2016, dirigidas a la celebraci\u00f3n en la Comunitat Valenciana de actividades<\/a> deportivas y culturales de impacto tur\u00edstico internacional (DOCV de 10\/3\/2016) <a href=\"http:\/\/www.docv.gva.es\/datos\/2016\/03\/10\/pdf\/2016_1679.pdf\" target=\"_blank\">Extracto de la convocatoria<\/a><\/p>\n","protected":false},"excerpt":{"rendered":"<p>Se ha publicado en el DOCV del pasado 10 de marzo la convocatoria 2016 de ayudas de la Agencia Valenciana del Turisme dirigidas a la celebraci\u00f3n de actividades deportivas y culturales en la Comunitat Valenciana de impacto tur\u00edstico internacional.<\/p>\n","protected":false},"author":33,"featured_media":0,"comment_status":"open","ping_status":"open","sticky":false,"template":"","format":"standard","meta":{"colormag_page_layout":"default_layout","footnotes":""},"categories":[],"tags":[],"class_list":["post-4571","post","type-post","status-publish","format-standard","hentry"],"_links":{"self":[{"href":"https:\/\/faesafor.com\/es\/wp-json\/wp\/v2\/posts\/4571","targetHints":{"allow":["GET"]}}],"collection":[{"href":"https:\/\/faesafor.com\/es\/wp-json\/wp\/v2\/posts"}],"about":[{"href":"https:\/\/faesafor.com\/es\/wp-json\/wp\/v2\/types\/post"}],"author":[{"embeddable":true,"href":"https:\/\/faesafor.com\/es\/wp-json\/wp\/v2\/users\/33"}],"replies":[{"embeddable":true,"href":"https:\/\/faesafor.com\/es\/wp-json\/wp\/v2\/comments?post=4571"}],"version-history":[{"count":0,"href":"https:\/\/faesafor.com\/es\/wp-json\/wp\/v2\/posts\/4571\/revisions"}],"wp:attachment":[{"href":"https:\/\/faesafor.com\/es\/wp-json\/wp\/v2\/media?parent=4571"}],"wp:term":[{"taxonomy":"category","embeddable":true,"href":"https:\/\/faesafor.com\/es\/wp-json\/wp\/v2\/categories?post=4571"},{"taxonomy":"post_tag","embeddable":true,"href":"https:\/\/faesafor.com\/es\/wp-json\/wp\/v2\/tags?post=4571"}],"curies":[{"name":"wp","href":"https:\/\/api.w.org\/{rel}","templated":true}]}}