{"id":4649,"date":"2016-04-07T22:05:20","date_gmt":"2016-04-07T21:05:20","guid":{"rendered":"http:\/\/www.faesafor.com\/es\/?p=4649"},"modified":"2016-05-12T17:11:00","modified_gmt":"2016-05-12T16:11:00","slug":"mas-de-70-colegiados-conocen-la-legalizacion-de-libros-y-cuentas-anuales-en-el-registro-mercantil-en-gandia","status":"publish","type":"post","link":"https:\/\/faesafor.com\/es\/mas-de-70-colegiados-conocen-la-legalizacion-de-libros-y-cuentas-anuales-en-el-registro-mercantil-en-gandia\/","title":{"rendered":"M\u00e1s de 70 colegiados conocen &#8216;La legalizaci\u00f3n de libros y cuentas anuales en el Registro Mercantil&#8217; en Gandia"},"content":{"rendered":"<p>El Colegio de Economistas de Valencia ha celebrado esta tarde en los salones de Fomento de Gandia la sesi\u00f3n &#8216;La legalizaci\u00f3n de libros y cuentas anuales en el Registro Mercantil&#8217; en la que han intervenido el oficial coordinador del Registro Mercantil de Valencia, Javier Navarro, y el encargado del \u00e1rea Inform\u00e1tica del Registro Mercantil de Valencia, Javier Moralejo.<\/p>\n<p>En la jornada se ha explicado de forma pr\u00e1ctica c\u00f3mo legalizar los libros de actas y los libros de socios y acciones nominativas de forma telem\u00e1tica, tras la obligaci\u00f3n impuesta por la Ley de Emprendedores. Al acto, que ha contado con un enfoque eminentemente pr\u00e1ctico, con referencias constantes a la web del Registro Mercantil, has asistido alrededor de 70 colegiados y empresarios.<\/p>\n<p>El BOE recog\u00eda el pasado 12 de febrero una instrucci\u00f3n de la Direcci\u00f3n General de los Registro y del Notariado sobre la legalizaci\u00f3n de libros de los empresarios en aplicaci\u00f3n del art\u00edculo 18 de la Ley 14\/2013 de 27 de septiembre, de apoyo a los emprendedores y su internacionalizaci\u00f3n. En ella se indica que todos los libros se tienen que presentar de forma electr\u00f3nica por un env\u00edo telem\u00e1tico y determina que \u201cel papel ya queda proscrito en materia de legalizaci\u00f3n\u201d, tal y como ha asegurado Navarro.<\/p>\n<p>En los ejercicios que empiezan a partir del 29 de septiembre de 2013, s\u00f3lo se admiten los libros y las actas presentadas de forma telem\u00e1tica. Seg\u00fan la disposici\u00f3n sexta de la instrucci\u00f3n, \u201clos libros encuadernados en blanco y ya legalizados s\u00f3lo podr\u00e1n ser utilizados para contabilidades, contratos y actas de ejercicios abiertos antes de 29 de septiembre de 2013. Una vez finalizado este \u00faltimo ejercicio social se proceder\u00e1 al cierre de los mismos mediante diligencia que se acreditar\u00e1, en el primer env\u00edo telem\u00e1tico de dichos libros, con la incorporaci\u00f3n de un archivo que incluya la certificaci\u00f3n del \u00f3rgano de administraci\u00f3n que haga constar dicha circunstancia. Si en dichos libros, se han transcrito con posterioridad al cierre del ejercicio social citado, asientos contables, contratos o actas de un ejercicio posterior, se proceder\u00e1 igualmente al cierre del libro en cuesti\u00f3n, trasladando dichos asientos, contratos o actas, al libro correspondiente que deber\u00e1 enviarse telem\u00e1ticamente\u201d.<\/p>\n<p>La normativa establece que todas las actas de reuniones de los \u00f3rganos colegiados de las sociedades mercantiles, incluyendo las decisiones adoptadas por el socio \u00fanico, respecto de los ejercicios sociales comenzados a partir del 29 de septiembre de 2013, deber\u00e1n reflejarse en soporte electr\u00f3nico y ser presentados de forma telem\u00e1tica para su legalizaci\u00f3n dentro de los cuatro meses siguientes al cierre del ejercicio social.<\/p>\n<p>Una vez inscrita la sociedad en el Registro Mercantil, se deber\u00e1 legalizar un libro, que ser\u00e1 el primero de orden, en el que conste la titularidad inicial de los fundadores. Una vez legalizado este libro inicial s\u00f3lo ser\u00e1 obligatoria la legalizaci\u00f3n de un nuevo libro en los cuatro meses siguientes a la finalizaci\u00f3n del ejercicio en el que se haya producido cualquier alteraci\u00f3n en la titularidad inicial o sucesiva de las participaciones o acciones o se hubieran constituido grav\u00e1menes sobre las mismas.<\/p>\n","protected":false},"excerpt":{"rendered":"<p>El Colegio de Economistas de Valencia ha celebrado esta tarde en los salones de Fomento de Gandia la sesi\u00f3n &#8216;La legalizaci\u00f3n de libros y cuentas anuales en el Registro Mercantil&#8217; en la que han intervenido el oficial coordinador del Registro Mercantil de Valencia, Javier Navarro, y el encargado del \u00e1rea Inform\u00e1tica del Registro Mercantil de Valencia, Javier Moralejo.<\/p>\n","protected":false},"author":33,"featured_media":0,"comment_status":"open","ping_status":"open","sticky":false,"template":"","format":"standard","meta":{"colormag_page_layout":"default_layout","footnotes":""},"categories":[],"tags":[],"class_list":["post-4649","post","type-post","status-publish","format-standard","hentry"],"_links":{"self":[{"href":"https:\/\/faesafor.com\/es\/wp-json\/wp\/v2\/posts\/4649","targetHints":{"allow":["GET"]}}],"collection":[{"href":"https:\/\/faesafor.com\/es\/wp-json\/wp\/v2\/posts"}],"about":[{"href":"https:\/\/faesafor.com\/es\/wp-json\/wp\/v2\/types\/post"}],"author":[{"embeddable":true,"href":"https:\/\/faesafor.com\/es\/wp-json\/wp\/v2\/users\/33"}],"replies":[{"embeddable":true,"href":"https:\/\/faesafor.com\/es\/wp-json\/wp\/v2\/comments?post=4649"}],"version-history":[{"count":0,"href":"https:\/\/faesafor.com\/es\/wp-json\/wp\/v2\/posts\/4649\/revisions"}],"wp:attachment":[{"href":"https:\/\/faesafor.com\/es\/wp-json\/wp\/v2\/media?parent=4649"}],"wp:term":[{"taxonomy":"category","embeddable":true,"href":"https:\/\/faesafor.com\/es\/wp-json\/wp\/v2\/categories?post=4649"},{"taxonomy":"post_tag","embeddable":true,"href":"https:\/\/faesafor.com\/es\/wp-json\/wp\/v2\/tags?post=4649"}],"curies":[{"name":"wp","href":"https:\/\/api.w.org\/{rel}","templated":true}]}}