{"id":4689,"date":"2016-04-19T15:47:14","date_gmt":"2016-04-19T14:47:14","guid":{"rendered":"http:\/\/www.faesafor.com\/es\/?p=4689"},"modified":"2016-04-19T15:47:26","modified_gmt":"2016-04-19T14:47:26","slug":"camara-valencia-organiza-este-viernes-la-jornada-quieres-empezar-a-exportar","status":"publish","type":"post","link":"https:\/\/faesafor.com\/es\/camara-valencia-organiza-este-viernes-la-jornada-quieres-empezar-a-exportar\/","title":{"rendered":"C\u00e1mara Valencia organiza en Gandia este viernes la Jornada &#8216;\u00bfQuieres empezar a exportar?&#8217;"},"content":{"rendered":"<p>C\u00e1mara Valencia, en colaboraci\u00f3n con Bankia, ha organizado la Jornada &#8216;\u00bfQuieres empezar a exportar?&#8217; que se celebrar\u00e1 este viernes, 22 de abril, de 10 a 11.30 horas en el Vivero de Empresas de Gandia, situado en la avenida Valencia, 51.<\/p>\n<p>La charla est\u00e1 dirigida a las empresas que tengan intereses en los mercados exteriores. Empresas que quieran empezar a exportar, pymes con clientes en otros pa\u00edses pero sin estrategia internacional definida y responsables de exportaci\u00f3n.<\/p>\n<p>En la jornada, se dar\u00e1 a conocer a las empresas los Programas de Apoyo al Comercio Exterior de las empresas de Gandia y comarca, as\u00ed como la Formaci\u00f3n FP Dual en Comercio Exterior y el \u00e9xito de la planificaci\u00f3n internacional.<\/p>\n<p>La inscripci\u00f3n a la jornada, que es gratuita, se realizar\u00e1 por riguroso orden de recepci\u00f3n. Para ello deber\u00e1 de inscribirse a trav\u00e9s del <a href=\"http:\/\/www.camaravalencia.com\/es-es\/jornadas\/paginas\/pagina-evento.aspx?cod=5640\">formulario<\/a> online disponible en la web de C\u00e1mara Valencia.<\/p>\n","protected":false},"excerpt":{"rendered":"<p>C\u00e1mara Valencia, en colaboraci\u00f3n con Bankia, ha organizado la Jornada &#8216;\u00bfQuieres empezar a exportar?&#8217; que se celebrar\u00e1 este viernes, 22 de abril, de 10 a 11.30 horas en el Vivero de Empresas de Gandia, situado en la avenida Valencia, 51.<\/p>\n","protected":false},"author":33,"featured_media":0,"comment_status":"open","ping_status":"open","sticky":false,"template":"","format":"standard","meta":{"colormag_page_layout":"default_layout","footnotes":""},"categories":[],"tags":[],"class_list":["post-4689","post","type-post","status-publish","format-standard","hentry"],"_links":{"self":[{"href":"https:\/\/faesafor.com\/es\/wp-json\/wp\/v2\/posts\/4689","targetHints":{"allow":["GET"]}}],"collection":[{"href":"https:\/\/faesafor.com\/es\/wp-json\/wp\/v2\/posts"}],"about":[{"href":"https:\/\/faesafor.com\/es\/wp-json\/wp\/v2\/types\/post"}],"author":[{"embeddable":true,"href":"https:\/\/faesafor.com\/es\/wp-json\/wp\/v2\/users\/33"}],"replies":[{"embeddable":true,"href":"https:\/\/faesafor.com\/es\/wp-json\/wp\/v2\/comments?post=4689"}],"version-history":[{"count":0,"href":"https:\/\/faesafor.com\/es\/wp-json\/wp\/v2\/posts\/4689\/revisions"}],"wp:attachment":[{"href":"https:\/\/faesafor.com\/es\/wp-json\/wp\/v2\/media?parent=4689"}],"wp:term":[{"taxonomy":"category","embeddable":true,"href":"https:\/\/faesafor.com\/es\/wp-json\/wp\/v2\/categories?post=4689"},{"taxonomy":"post_tag","embeddable":true,"href":"https:\/\/faesafor.com\/es\/wp-json\/wp\/v2\/tags?post=4689"}],"curies":[{"name":"wp","href":"https:\/\/api.w.org\/{rel}","templated":true}]}}