{"id":4906,"date":"2016-06-22T08:44:42","date_gmt":"2016-06-22T07:44:42","guid":{"rendered":"http:\/\/www.faesafor.com\/es\/?p=4906"},"modified":"2016-06-22T08:44:42","modified_gmt":"2016-06-22T07:44:42","slug":"los-miembros-de-la-directiva-de-faes-se-reunen-en-la-junta-ordinaria","status":"publish","type":"post","link":"https:\/\/faesafor.com\/es\/los-miembros-de-la-directiva-de-faes-se-reunen-en-la-junta-ordinaria\/","title":{"rendered":"Los miembros de la directiva de FAES se re\u00fanen en la Junta Ordinaria"},"content":{"rendered":"<p>Los miembros de la Junta Directiva de FAES se reunieron este martes, 21 de junio, en las instalaciones de Fomento con el fin de abordar los diversos acuerdos alcanzados a trav\u00e9s de las diferentes comisiones de Premios y de Comunicaci\u00f3n, entre otras cuestiones.<\/p>\n<p>Cabe recordar que, finalmente, y como novedad para este 2016 se entregar\u00e1n cinco premios que reconocen los siguientes aspectos: Premio a la trayectoria\/excelencia empresarial, Premio a la innovaci\u00f3n, Premio a la pyme proyecto emprendedor, Premio a la empresa socialmente comprometida y Premio a la promoci\u00f3n comarcal e internacionalizaci\u00f3n.<\/p>\n<p>A nivel comunicativo, destacar la gran apuesta de la Federaci\u00f3n por las nuevas tecnolog\u00edas y todas las ventajas con las que cuenta. En breve y tras perfilarlo, os comunicaremos la nueva l\u00ednea de acci\u00f3n que permitir\u00e1 tanto a los asociados, como a los seguidores de FAES recibir informaci\u00f3n al instante y de calidad con nuevos recursos y medios.<\/p>\n<p>Por \u00faltimo, desde FAES, incidimos, en que todas aquellas empresas que quieran formar parte del evento ya sea como patrocinadores o colaboradores tendr\u00e1n como fecha l\u00edmite para indicarlo hasta el pr\u00f3ximo 20 de septiembre. A trav\u00e9s de la p\u00e1gina web www.faes.com se podr\u00e1 encontrar toda la informaci\u00f3n al respecto.<\/p>\n","protected":false},"excerpt":{"rendered":"<p>Los miembros de la Junta Directiva de FAES se reunieron este martes, 21 de junio, en las instalaciones de Fomento con el fin de abordar los diversos acuerdos alcanzados a trav\u00e9s de las diferentes comisiones de Premios y de Comunicaci\u00f3n, entre otras cuestiones.<\/p>\n","protected":false},"author":33,"featured_media":0,"comment_status":"open","ping_status":"open","sticky":false,"template":"","format":"standard","meta":{"colormag_page_layout":"default_layout","footnotes":""},"categories":[],"tags":[],"class_list":["post-4906","post","type-post","status-publish","format-standard","hentry"],"_links":{"self":[{"href":"https:\/\/faesafor.com\/es\/wp-json\/wp\/v2\/posts\/4906","targetHints":{"allow":["GET"]}}],"collection":[{"href":"https:\/\/faesafor.com\/es\/wp-json\/wp\/v2\/posts"}],"about":[{"href":"https:\/\/faesafor.com\/es\/wp-json\/wp\/v2\/types\/post"}],"author":[{"embeddable":true,"href":"https:\/\/faesafor.com\/es\/wp-json\/wp\/v2\/users\/33"}],"replies":[{"embeddable":true,"href":"https:\/\/faesafor.com\/es\/wp-json\/wp\/v2\/comments?post=4906"}],"version-history":[{"count":0,"href":"https:\/\/faesafor.com\/es\/wp-json\/wp\/v2\/posts\/4906\/revisions"}],"wp:attachment":[{"href":"https:\/\/faesafor.com\/es\/wp-json\/wp\/v2\/media?parent=4906"}],"wp:term":[{"taxonomy":"category","embeddable":true,"href":"https:\/\/faesafor.com\/es\/wp-json\/wp\/v2\/categories?post=4906"},{"taxonomy":"post_tag","embeddable":true,"href":"https:\/\/faesafor.com\/es\/wp-json\/wp\/v2\/tags?post=4906"}],"curies":[{"name":"wp","href":"https:\/\/api.w.org\/{rel}","templated":true}]}}