{"id":5423,"date":"2016-12-07T19:46:42","date_gmt":"2016-12-07T18:46:42","guid":{"rendered":"http:\/\/www.faesafor.com\/es\/?p=5423"},"modified":"2016-12-07T19:46:42","modified_gmt":"2016-12-07T18:46:42","slug":"economia-tiene-listo-el-plan-de-reindustrializacion-de-toda-la-comunitat-para-el-periodo-2017-2019","status":"publish","type":"post","link":"https:\/\/faesafor.com\/es\/economia-tiene-listo-el-plan-de-reindustrializacion-de-toda-la-comunitat-para-el-periodo-2017-2019\/","title":{"rendered":"Econom\u00eda tiene listo el Plan de Reindustrializaci\u00f3n de toda la Comunitat para el per\u00edodo 2017-2019"},"content":{"rendered":"<p>La Conselleria de Econom\u00eda Sostenible, Sectores Productivos Comercio y Trabajo tiene listo un Plan de Reindustrializaci\u00f3n de la Comunitat Valenciana para el per\u00edodo 2017-2019. As\u00ed lo ha anunciado en el Centro Europeo de Empresas Innovadoras (CEEI) de Alcoy el conseller Rafa Climent, quien ha destacado que el objetivo de la conselleria que dirige es \u00abvertebrar el territorio, revitalizar las comarcas y ofrecer los mejores instrumentos a empresas y asociaciones para que nuestro tejido productivo gane en competitividad y valor a\u00f1adido\u00bb.<\/p>\n<p>En 2017 y dentro de este Plan de Reindustrializaci\u00f3n, Econom\u00eda tiene previsto destinar 33 millones de euros para mejorar los pol\u00edgonos industriales de la Comunitat Valenciana, para ayudas directas a las empresas de los sectores tradicionales y para las asociaciones empresariales que representan a estos sectores.<\/p>\n<p>\u00abQueremos dotar a todos los pol\u00edgonos industriales de la Comunitat de infraestructuras y servicios de calidad y hacerlos m\u00e1s atractivos para la implantaci\u00f3n de actividades industriales que generen nuevos puestos de trabajo\u00bb, ha se\u00f1alado Climent.<\/p>\n<p>Para ello, IVACE-Parques Empresariales ha desarrollado una hoja de ruta a tres a\u00f1os. Para 2017 hay presupuestados 19 millones de euros para los alrededor de 150 pol\u00edgonos empresariales repartidos entre las comarcas de La Vall d&#8217;Albaida, el Comtat y L&#8217;Alcoi\u00e0, La Foia de Castalla, la Safor, la Vega Baixa Els Ports, Alt i Baix Maestrat y Camp de Morvedre.<\/p>\n<p>\u00abEstamos hablando de comarcas con una marcado car\u00e1cter industrial, con un elevado \u00edndice de desempleo, abandonadas por la anterior administraci\u00f3n y que tiene conexi\u00f3n directa con el \u00e1mbito universitario y creemos que es fundamental que se potencien las sinergias entre el mundo empresarial y el universitario\u00bb, ha se\u00f1alado.<\/p>\n<p>Climent ha destacado las peculiaridades de las comarcas de Els Ports y El Maestrat \u00abcon un \u00edndice de despoblaci\u00f3n m\u00e1s alto de lo normal y que en l\u00ednea con la pol\u00edtica de la conselleria de Econom\u00eda Sostenible de vertebrar el territorio, vamos a poner de nuestra parte para facilitar su revitalizaci\u00f3n\u00bb.<\/p>\n<p>De cara al 2019 el titular de Econom\u00eda ha indicado que la Comunitat \u00abdispondr\u00e1 de pol\u00edgono empresariales de calidad y con servicios de calidad\u00bb.<\/p>\n<p><strong>Ayudas a empresas y asociaciones<\/strong><\/p>\n<p>Otra de las acciones que engloba el Plan de Reindustrializaci\u00f3n de la Conselleria de Econom\u00eda es el conjunto de ayudas para empresas y asociaciones de los sectores del calzado, cer\u00e1mico, mueble, juguete, textil, m\u00e1rmol y metalmec\u00e1nico.<\/p>\n<p>En total, la Direcci\u00f3n General de Industria van a destinar 10,1 millones de euros, de los cuales cada sector recibir\u00e1n cerca de un mill\u00f3n y medio de euros, por concurrencia competitiva, y las asociaciones empresariales que representan a estos sectores otros 450.000 euros cada una. A estas ayudas se suma 3 millones de euros para la mejora y modernizaci\u00f3n de los sectores de la Comunitat Valenciana.<\/p>\n<p><strong>Plan Estrat\u00e9gico de la Industria Valenciana<\/strong><\/p>\n<p>Rafa Climent ha anunciado que en junio de 2017 estar\u00e1 listo el borrador del Plan Estrat\u00e9gico de la Industria Valenciana, en el que est\u00e1n trabajando la Direcci\u00f3n General de Industria y la Universitat Polit\u00e8cnica de Val\u00e8ncia \u00aby que nos dir\u00e1 con detalle y de manera rigurosa en qu\u00e9 hemos de incidir en 2018 y 2019 para ejecutar una pol\u00edtica industrial operativa, aplicable y real\u00bb.<\/p>\n","protected":false},"excerpt":{"rendered":"<p>La Conselleria de Econom\u00eda Sostenible, Sectores Productivos Comercio y Trabajo tiene listo un Plan de Reindustrializaci\u00f3n de la Comunitat Valenciana para el per\u00edodo 2017-2019. As\u00ed lo ha anunciado en el Centro Europeo de Empresas Innovadoras (CEEI) de Alcoy el conseller Rafa Climent, quien ha destacado que el objetivo de la conselleria que dirige es \u00abvertebrar el territorio, revitalizar las comarcas y ofrecer los mejores instrumentos a empresas y asociaciones para que nuestro tejido productivo gane en competitividad y valor a\u00f1adido\u00bb.<\/p>\n","protected":false},"author":33,"featured_media":0,"comment_status":"open","ping_status":"open","sticky":false,"template":"","format":"standard","meta":{"colormag_page_layout":"default_layout","footnotes":""},"categories":[],"tags":[],"class_list":["post-5423","post","type-post","status-publish","format-standard","hentry"],"_links":{"self":[{"href":"https:\/\/faesafor.com\/es\/wp-json\/wp\/v2\/posts\/5423","targetHints":{"allow":["GET"]}}],"collection":[{"href":"https:\/\/faesafor.com\/es\/wp-json\/wp\/v2\/posts"}],"about":[{"href":"https:\/\/faesafor.com\/es\/wp-json\/wp\/v2\/types\/post"}],"author":[{"embeddable":true,"href":"https:\/\/faesafor.com\/es\/wp-json\/wp\/v2\/users\/33"}],"replies":[{"embeddable":true,"href":"https:\/\/faesafor.com\/es\/wp-json\/wp\/v2\/comments?post=5423"}],"version-history":[{"count":0,"href":"https:\/\/faesafor.com\/es\/wp-json\/wp\/v2\/posts\/5423\/revisions"}],"wp:attachment":[{"href":"https:\/\/faesafor.com\/es\/wp-json\/wp\/v2\/media?parent=5423"}],"wp:term":[{"taxonomy":"category","embeddable":true,"href":"https:\/\/faesafor.com\/es\/wp-json\/wp\/v2\/categories?post=5423"},{"taxonomy":"post_tag","embeddable":true,"href":"https:\/\/faesafor.com\/es\/wp-json\/wp\/v2\/tags?post=5423"}],"curies":[{"name":"wp","href":"https:\/\/api.w.org\/{rel}","templated":true}]}}