{"id":5593,"date":"2017-01-17T17:30:53","date_gmt":"2017-01-17T16:30:53","guid":{"rendered":"http:\/\/www.faesafor.com\/es\/?p=5593"},"modified":"2017-01-17T17:30:53","modified_gmt":"2017-01-17T16:30:53","slug":"mls-gandia-programa-cursos-de-formacion-para-el-mes-de-marzo","status":"publish","type":"post","link":"https:\/\/faesafor.com\/es\/mls-gandia-programa-cursos-de-formacion-para-el-mes-de-marzo\/","title":{"rendered":"MLS Gandia programa cursos de formaci\u00f3n para el mes de marzo"},"content":{"rendered":"<p>Los miembros de MLS Gandia se reunieron este pasado martes en su Junta Ordinaria para abordar, entre otros temas, las actuaciones previstas por la asociaci\u00f3n en los pr\u00f3ximos meses. Actuaciones que pasan por la incursi\u00f3n de anuncios de publicidad a trav\u00e9s de los medios de comunicaci\u00f3n y, tambi\u00e9n, la programaci\u00f3n de cursos de formaci\u00f3n que se celebrar\u00e1n durante el pr\u00f3ximo mes de marzo.<\/p>\n<p>Por otro lado, personal del Banco Sabadell formaron parte de la junta para presentar a las inmobiliarias asociadas sus servicios hipotecarios, ya no s\u00f3lo para gente espa\u00f1ola, sino tambi\u00e9n extranjera. Para ello, desde el Banco Sabadell presentaron un servicio de traductores para las diversas lenguas existentes. Por otro lado, compartieron una propuesta para extranjeros, que consiste en financiaci\u00f3n del 70% del precio de venta o del que resulte de la tasaci\u00f3n.<\/p>\n<p>Asimismo, tambi\u00e9n form\u00f3 parte de la reuni\u00f3n Juan Escriv\u00e0, administrador de Gandia, quien tambi\u00e9n dio a conocer variedad de servicios, entre los que destacan, los certificados de administrador.<\/p>\n","protected":false},"excerpt":{"rendered":"<p>Los miembros de MLS Gandia se reunieron este pasado martes en su Junta Ordinaria para abordar, entre otros temas, las actuaciones previstas por la asociaci\u00f3n en los pr\u00f3ximos meses. Actuaciones que pasan por la incursi\u00f3n de anuncios de publicidad a trav\u00e9s de los medios de comunicaci\u00f3n y, tambi\u00e9n, la programaci\u00f3n de cursos de formaci\u00f3n que se celebrar\u00e1n durante el pr\u00f3ximo mes de marzo.<\/p>\n","protected":false},"author":33,"featured_media":0,"comment_status":"open","ping_status":"open","sticky":false,"template":"","format":"standard","meta":{"colormag_page_layout":"default_layout","footnotes":""},"categories":[],"tags":[],"class_list":["post-5593","post","type-post","status-publish","format-standard","hentry"],"_links":{"self":[{"href":"https:\/\/faesafor.com\/es\/wp-json\/wp\/v2\/posts\/5593","targetHints":{"allow":["GET"]}}],"collection":[{"href":"https:\/\/faesafor.com\/es\/wp-json\/wp\/v2\/posts"}],"about":[{"href":"https:\/\/faesafor.com\/es\/wp-json\/wp\/v2\/types\/post"}],"author":[{"embeddable":true,"href":"https:\/\/faesafor.com\/es\/wp-json\/wp\/v2\/users\/33"}],"replies":[{"embeddable":true,"href":"https:\/\/faesafor.com\/es\/wp-json\/wp\/v2\/comments?post=5593"}],"version-history":[{"count":0,"href":"https:\/\/faesafor.com\/es\/wp-json\/wp\/v2\/posts\/5593\/revisions"}],"wp:attachment":[{"href":"https:\/\/faesafor.com\/es\/wp-json\/wp\/v2\/media?parent=5593"}],"wp:term":[{"taxonomy":"category","embeddable":true,"href":"https:\/\/faesafor.com\/es\/wp-json\/wp\/v2\/categories?post=5593"},{"taxonomy":"post_tag","embeddable":true,"href":"https:\/\/faesafor.com\/es\/wp-json\/wp\/v2\/tags?post=5593"}],"curies":[{"name":"wp","href":"https:\/\/api.w.org\/{rel}","templated":true}]}}