{"id":5877,"date":"2017-04-04T17:35:04","date_gmt":"2017-04-04T16:35:04","guid":{"rendered":"http:\/\/www.faesafor.com\/es\/?p=5877"},"modified":"2017-04-04T17:35:04","modified_gmt":"2017-04-04T16:35:04","slug":"el-campus-de-gandia-de-la-upv-celebra-este-jueves-una-nueva-edicion-del-foro-e%c2%b2","status":"publish","type":"post","link":"https:\/\/faesafor.com\/es\/el-campus-de-gandia-de-la-upv-celebra-este-jueves-una-nueva-edicion-del-foro-e%c2%b2\/","title":{"rendered":"El Campus de Gandia de la UPV celebra este jueves una nueva edici\u00f3n del Foro e\u00b2"},"content":{"rendered":"<p>El Foro e\u00b2 que se celebrar\u00e1 este jueves, 6 de abril, en el Campus de Gandia UPV es un lugar de encuentro entre empresas, emprendedores, estudiantes y titulados (Feria de la Innovaci\u00f3n y del Emprendimiento) que buscan una oportunidad laboral, y una proyecci\u00f3n profesional en una jornada que incluye actividades de motivaci\u00f3n, networking y formaci\u00f3n&#8230; pero adem\u00e1s habr\u00e1 varias sorpresas a lo largo de la jornada.<\/p>\n<p>El programa del Foro-e2 se iniciar\u00e1 a las 9.15 h donde se realizar\u00e1 la inauguraci\u00f3n oficial y un Elevator Pitch que no te puedes perder. Justo a continuaci\u00f3n y para prepararnos de cara a un d\u00eda intenso, tendremos la charla de motivaci\u00f3n \u00abToda meta empieza siendo un sue\u00f1o\u00bb \u00a1Seguro que te sientes identificado y puedes sacar mucho rendimiento de ella!<\/p>\n<p>Como el networking es esencial en las relaciones profesionales, este tendr\u00e1 un papel protagonista a lo largo del d\u00eda, as\u00ed que a las 09.45 h tendremos la primera oportunidad de generar contactos \u00abDestruyendo los miedos\u00bb. Trae tarjetas de visita, papel y boli y tu smartphone, porque te ir\u00e1s con la agenda llena.<\/p>\n<p>Como tambi\u00e9n es necesario reponer fuerzas, tendremos tiempo para tomar un caf\u00e9, unas pastas y&#8230; como en el Foro-e2 nos rodeamos de innovadores, el caf\u00e9 de la ma\u00f1ana no pod\u00eda ser menos, as\u00ed que \u00a1no te esperes un s\u00f3lo un cafe con pastas!<\/p>\n<p>El plato fuerte de la ma\u00f1ana llega a las 11.15h con Fernando S\u00e1nchez Salinero, Superpyme para los amigos. Un comunicador nato con los pies en la tierra, que aunque ya era conocido se hizo famoso tras sus colaboraciones en Buenafuente y que lleva ya tres libros a sus espaldas \u00a1No debes perd\u00e9rtelo!<\/p>\n<p>Y tras los consejos de Superpyme seguiremos \u00abconstruyendo nuestro futuro\u00bb de la mano de Act\u00edva-T, que dinamizar\u00e1n esta segunda sesi\u00f3n de networking activo que no te dejar\u00e1 indiferente.<\/p>\n<p>Acabaremos la jornada con un cocktail para comentar todo lo que hemos aprendido, poner en pr\u00e1ctica aquello que m\u00e1s nos haya gustado y por supuesto&#8230; seguir conociendo gente y generando contactos.<\/p>\n<p>Pero si crees que esto es todo, \u00a1vas listo! Durante la ma\u00f1ana podr\u00e1s conocer a emprendedores, a grupos de investigaci\u00f3n del Campus, a empresas de la comarca, en la Feria de la Innovaci\u00f3n y del Emprendimiento donde todos ellos exponen sus productos y servicios, y buscan gente apasionada como t\u00fa que estudia en un Campus tan excepcional como el nuestro. Adem\u00e1s habr\u00e1 sorpresas, regalos, m\u00fasica, chistes, comida, bebida y pasi\u00f3n, para que puedas seguir aprendiendo y creando tu curr\u00edculum vitae.<\/p>\n<p>\u00bfERES UN EMPRENDEDOR QUE EST\u00c1S DESARROLLANDO TU MODELO DE NEGOCIO? \u00bfUNA EMPRESA? \u00a1Seguro que te interesa participar! Ponte en contacto con nosotros y an\u00edmate a compartir una jornada en un entorno de innovaci\u00f3n. Env\u00eda un correo a innovacion@epsg.upv.es y te invitamos.<\/p>\n<p><strong>PROGRAMA<\/strong><br \/>\n09:15 Inauguraci\u00f3n oficial. Elevator Pitch de Autoridades<br \/>\n09:30 Charla de motivaci\u00f3n de Act\u00edva-T: \u201cToda meta empieza siendo un sue\u00f1o\u201d<br \/>\n09:45 Networking activo. Destruyendo los miedos. (dinamizado por Activa-T)<br \/>\n10:45 Caf\u00e9 Sorpresa<br \/>\n11:15 Conferencia \u201cC\u00f3mo hacer un proyecto profesional y de vida apasionante\u201d. (Fernando S\u00e1nchez Salinero)<br \/>\nTelonero: Presentaci\u00f3n Documental \u00abDaniel Albero: Gas e insulina, que no falte\u00bb (Un Diab\u00e9tico en el Dakar)<br \/>\n12:30 Networking activo. Construyendo el futuro. (dinamizado por Activa-T)<br \/>\n14:00 Cocktail &amp; Networking<br \/>\n15:15 Charla Claves para ser seleccionado en una oferta de empleo (Mar\u00eda Soria, directora de RRHH de la Tienda Home)<br \/>\n16:30 Charla Desarrollo de Competencias Gerenciales en Empresas de Base Tecnol\u00f3gica (Prof. Anielson Barbosa da Silva)<\/p>\n","protected":false},"excerpt":{"rendered":"<p>El Foro e\u00b2 que se celebrar\u00e1 este jueves, 6 de abril, en el Campus de Gandia UPV es un lugar de encuentro entre empresas, emprendedores, estudiantes y titulados (Feria de la Innovaci\u00f3n y del Emprendimiento) que buscan una oportunidad laboral, y una proyecci\u00f3n profesional en una jornada que incluye actividades de motivaci\u00f3n, networking y formaci\u00f3n&#8230; pero adem\u00e1s habr\u00e1 varias sorpresas a lo largo de la jornada.<\/p>\n","protected":false},"author":33,"featured_media":0,"comment_status":"open","ping_status":"open","sticky":false,"template":"","format":"standard","meta":{"colormag_page_layout":"default_layout","footnotes":""},"categories":[],"tags":[],"class_list":["post-5877","post","type-post","status-publish","format-standard","hentry"],"_links":{"self":[{"href":"https:\/\/faesafor.com\/es\/wp-json\/wp\/v2\/posts\/5877","targetHints":{"allow":["GET"]}}],"collection":[{"href":"https:\/\/faesafor.com\/es\/wp-json\/wp\/v2\/posts"}],"about":[{"href":"https:\/\/faesafor.com\/es\/wp-json\/wp\/v2\/types\/post"}],"author":[{"embeddable":true,"href":"https:\/\/faesafor.com\/es\/wp-json\/wp\/v2\/users\/33"}],"replies":[{"embeddable":true,"href":"https:\/\/faesafor.com\/es\/wp-json\/wp\/v2\/comments?post=5877"}],"version-history":[{"count":0,"href":"https:\/\/faesafor.com\/es\/wp-json\/wp\/v2\/posts\/5877\/revisions"}],"wp:attachment":[{"href":"https:\/\/faesafor.com\/es\/wp-json\/wp\/v2\/media?parent=5877"}],"wp:term":[{"taxonomy":"category","embeddable":true,"href":"https:\/\/faesafor.com\/es\/wp-json\/wp\/v2\/categories?post=5877"},{"taxonomy":"post_tag","embeddable":true,"href":"https:\/\/faesafor.com\/es\/wp-json\/wp\/v2\/tags?post=5877"}],"curies":[{"name":"wp","href":"https:\/\/api.w.org\/{rel}","templated":true}]}}