{"id":6020,"date":"2017-06-28T15:02:41","date_gmt":"2017-06-28T14:02:41","guid":{"rendered":"http:\/\/www.faesafor.com\/es\/?p=6020"},"modified":"2021-08-17T20:33:03","modified_gmt":"2021-08-17T19:33:03","slug":"faes-entrega-a-baldovi-un-dossier-con-las-necesidades-infraestructurales-de-la-safor","status":"publish","type":"post","link":"https:\/\/faesafor.com\/es\/faes-entrega-a-baldovi-un-dossier-con-las-necesidades-infraestructurales-de-la-safor\/","title":{"rendered":"FAES entrega a Baldov\u00ed un dossier con las \u00abnecesidades\u00bb infraestructurales de la Safor"},"content":{"rendered":"<p>FAES acudi\u00f3 este pasado lunes, 26 de junio, a una cita, convocada por Comprom\u00eds per la Safor, para exigir a las administraciones que ejecuten las obras que llevan a\u00f1os reivindicando y que ayudar\u00e1n a mejorar la competitividad de las empresas de la zona. Al frente el presidente, Rafael Juan, que estuvo acompa\u00f1ado por representantes de Centre Hist\u00f2ric, Fomento, Networking Safor, Associaci\u00f3 d&#8217;Empresaris Ciutat del Transport (AECIT) y Cercle d&#8217;Economia de la Safor (CES).<\/p>\n<p>Asimismo, alcaldes y ediles de la formaci\u00f3n nacionalista, encabezados por el diputado valenciano Joan Baldov\u00ed, sumaron esfuerzos para pedir a las administraciones p\u00fablicas las actuaciones pendientes de la comarca cuando faltan dos semanas para que comience el proceso de aprobaci\u00f3n de los Presupuestos Generales del Estado para el 2018.<\/p>\n<p>El acto reivindicativo, que se celebr\u00f3 simb\u00f3licamente en la estaci\u00f3n ferroviaria de Gandia, sirvi\u00f3 para que Juan entregar\u00e1 a Baldov\u00ed un documento con aquellas actuaciones que exige la patronal. \u00abInfraestructuras que hace a\u00f1os reivindicamos desde FAES y todas las empresas de la comarca como una necesidad imperiosa para mejorar nuestra competitividad\u00bb, asegur\u00f3 Rafael Juan. El presidente enumer\u00f3 las m\u00e1s principales como la circunvalaci\u00f3n de la Safor, la liberalizaci\u00f3n de la AP-7, el Tren de la Costa o la doble l\u00ednea f\u00e9rrea entre Gandia y Cullera, aunque apunt\u00f3 que \u00abhay muchas m\u00e1s\u00bb.<\/p>\n<p>Por su parte, el diputado de Comprom\u00eds en el Congreso, recogi\u00f3 todas las reivindicaciones y denunci\u00f3 el \u00abmaltrato persistente del Estado\u00bb. \u00abNo podemos representar el 11% de la poblaci\u00f3n y que las inversiones reales de los valencianos se queden en el 3,5%\u00bb, destac\u00f3. Baldov\u00ed se\u00f1al\u00f3 que en los presupuestos de 2017, \u00abhemos sufrido una reducci\u00f3n del 30%, y lo que reivindicamos es que en los pr\u00f3ximos presupuestos se haga justicia con los valencianos\u00bb.<\/p>\n","protected":false},"excerpt":{"rendered":"<p>FAES acudi\u00f3 este pasado lunes, 26 de junio, a una cita, convocada por Comprom\u00eds per la Safor, para exigir a las administraciones que ejecuten las obras que llevan a\u00f1os reivindicando y que ayudar\u00e1n a mejorar la competitividad de las empresas de la zona. Al frente el presidente, Rafael Juan, que estuvo acompa\u00f1ado por representantes de Centre Hist\u00f2ric, Fomento, Networking Safor, Associaci\u00f3 d&#8217;Empresaris Ciutat del Transport (AECIT) y Cercle d&#8217;Economia de la Safor (CES).<\/p>\n","protected":false},"author":33,"featured_media":0,"comment_status":"open","ping_status":"open","sticky":false,"template":"","format":"standard","meta":{"colormag_page_layout":"default_layout","footnotes":""},"categories":[],"tags":[],"class_list":["post-6020","post","type-post","status-publish","format-standard","hentry"],"_links":{"self":[{"href":"https:\/\/faesafor.com\/es\/wp-json\/wp\/v2\/posts\/6020","targetHints":{"allow":["GET"]}}],"collection":[{"href":"https:\/\/faesafor.com\/es\/wp-json\/wp\/v2\/posts"}],"about":[{"href":"https:\/\/faesafor.com\/es\/wp-json\/wp\/v2\/types\/post"}],"author":[{"embeddable":true,"href":"https:\/\/faesafor.com\/es\/wp-json\/wp\/v2\/users\/33"}],"replies":[{"embeddable":true,"href":"https:\/\/faesafor.com\/es\/wp-json\/wp\/v2\/comments?post=6020"}],"version-history":[{"count":0,"href":"https:\/\/faesafor.com\/es\/wp-json\/wp\/v2\/posts\/6020\/revisions"}],"wp:attachment":[{"href":"https:\/\/faesafor.com\/es\/wp-json\/wp\/v2\/media?parent=6020"}],"wp:term":[{"taxonomy":"category","embeddable":true,"href":"https:\/\/faesafor.com\/es\/wp-json\/wp\/v2\/categories?post=6020"},{"taxonomy":"post_tag","embeddable":true,"href":"https:\/\/faesafor.com\/es\/wp-json\/wp\/v2\/tags?post=6020"}],"curies":[{"name":"wp","href":"https:\/\/api.w.org\/{rel}","templated":true}]}}