{"id":6645,"date":"2018-04-17T11:06:13","date_gmt":"2018-04-17T10:06:13","guid":{"rendered":"http:\/\/www.faesafor.com\/es\/?p=6645"},"modified":"2018-04-17T11:06:13","modified_gmt":"2018-04-17T10:06:13","slug":"aselec-renueva-su-compromiso-con-fenie-energia-renovables-de-valencia","status":"publish","type":"post","link":"https:\/\/faesafor.com\/es\/aselec-renueva-su-compromiso-con-fenie-energia-renovables-de-valencia\/","title":{"rendered":"ASELEC renueva su compromiso con Fen\u00ede Energ\u00eda Renovables de Valencia"},"content":{"rendered":"<p>ASELEC, la Asociaci\u00f3n de Empresarios Instaladores El\u00e9ctricos, Telecomunicaciones y Energ\u00edas Renovables de Valencia, ha renovado su compromiso con Fen\u00ede Energ\u00eda tras la celebraci\u00f3n de su Junta General de Accionistas en Madrid el 12 de abril.<\/p>\n<p>La Junta General de Accionistas aprob\u00f3 el nombramiento de Carlos Moy\u00e1 como nuevo presidente despu\u00e9s de que Sergio Pomar, tras ocho a\u00f1os en el Consejo de Administraci\u00f3n y tres como presidente, formalizara su cese para emprender nuevos proyectos en el \u00e1mbito personal y familiar.<\/p>\n<p>Sergio Pomar seguir\u00e1 ligado a la Compa\u00f1\u00eda como Presidente de su Fundaci\u00f3n. Asimismo, se aprob\u00f3 el nombramiento de Enrique Ruiz como vicepresidente de la compa\u00f1\u00eda y la incorporaci\u00f3n de Rafael Castillo a su Consejo de Administraci\u00f3n.<\/p>\n<p>Rafael Castillo, Enrique Ruiz y Sergio Pomar son respectivamente presidente y vicepresidentes de ASELEC, lo que refuerza el compromiso de nuestra asociaci\u00f3n con la transici\u00f3n hacia un nuevo modelo energ\u00e9tico.<\/p>\n","protected":false},"excerpt":{"rendered":"<p>ASELEC, la Asociaci\u00f3n de Empresarios Instaladores El\u00e9ctricos, Telecomunicaciones y Energ\u00edas Renovables de Valencia, ha renovado su compromiso con Fen\u00ede Energ\u00eda tras la celebraci\u00f3n de su Junta General de Accionistas en Madrid el 12 de abril.<\/p>\n","protected":false},"author":33,"featured_media":0,"comment_status":"open","ping_status":"open","sticky":false,"template":"","format":"standard","meta":{"colormag_page_layout":"default_layout","footnotes":""},"categories":[],"tags":[],"class_list":["post-6645","post","type-post","status-publish","format-standard","hentry"],"_links":{"self":[{"href":"https:\/\/faesafor.com\/es\/wp-json\/wp\/v2\/posts\/6645","targetHints":{"allow":["GET"]}}],"collection":[{"href":"https:\/\/faesafor.com\/es\/wp-json\/wp\/v2\/posts"}],"about":[{"href":"https:\/\/faesafor.com\/es\/wp-json\/wp\/v2\/types\/post"}],"author":[{"embeddable":true,"href":"https:\/\/faesafor.com\/es\/wp-json\/wp\/v2\/users\/33"}],"replies":[{"embeddable":true,"href":"https:\/\/faesafor.com\/es\/wp-json\/wp\/v2\/comments?post=6645"}],"version-history":[{"count":0,"href":"https:\/\/faesafor.com\/es\/wp-json\/wp\/v2\/posts\/6645\/revisions"}],"wp:attachment":[{"href":"https:\/\/faesafor.com\/es\/wp-json\/wp\/v2\/media?parent=6645"}],"wp:term":[{"taxonomy":"category","embeddable":true,"href":"https:\/\/faesafor.com\/es\/wp-json\/wp\/v2\/categories?post=6645"},{"taxonomy":"post_tag","embeddable":true,"href":"https:\/\/faesafor.com\/es\/wp-json\/wp\/v2\/tags?post=6645"}],"curies":[{"name":"wp","href":"https:\/\/api.w.org\/{rel}","templated":true}]}}