{"id":6648,"date":"2018-04-20T22:24:01","date_gmt":"2018-04-20T21:24:01","guid":{"rendered":"http:\/\/www.faesafor.com\/es\/?p=6648"},"modified":"2018-04-20T22:24:01","modified_gmt":"2018-04-20T21:24:01","slug":"gandia-renueva-el-convenio-de-colaboracion-con-aesafor","status":"publish","type":"post","link":"https:\/\/faesafor.com\/es\/gandia-renueva-el-convenio-de-colaboracion-con-aesafor\/","title":{"rendered":"Gandia renueva el convenio de colaboraci\u00f3n con Aesafor"},"content":{"rendered":"<p>La alcaldesa de Gandia, Diana Morant, y la presidenta de la Asociaci\u00f3n de Empresarios de la Safor (AES), Antonia Estrugo, firmaron el pasado martes, 17 de abril, el convenio de colaboraci\u00f3n entre el Ayuntamiento y la asociaci\u00f3n empresarial para que el colectivo pueda seguir desarrollando sus actividades destinadas al fomento del tejido empresarial.<\/p>\n<p>En el acto tambi\u00e9n estuvo presente la concejal de Pol\u00edticas Econ\u00f3micas, Al\u00edcia Izquierdo, adem\u00e1s de representantes de la directiva de Aesafor.<\/p>\n","protected":false},"excerpt":{"rendered":"<p>La alcaldesa de Gandia, Diana Morant, y la presidenta de la Asociaci\u00f3n de Empresarios de la Safor (AES), Antonia Estrugo, firmaron el pasado martes, 17 de abril, el convenio de colaboraci\u00f3n entre el Ayuntamiento y la asociaci\u00f3n empresarial para que el colectivo pueda seguir desarrollando sus actividades destinadas al fomento del tejido empresarial.<\/p>\n","protected":false},"author":33,"featured_media":0,"comment_status":"open","ping_status":"open","sticky":false,"template":"","format":"standard","meta":{"colormag_page_layout":"default_layout","footnotes":""},"categories":[],"tags":[],"class_list":["post-6648","post","type-post","status-publish","format-standard","hentry"],"_links":{"self":[{"href":"https:\/\/faesafor.com\/es\/wp-json\/wp\/v2\/posts\/6648","targetHints":{"allow":["GET"]}}],"collection":[{"href":"https:\/\/faesafor.com\/es\/wp-json\/wp\/v2\/posts"}],"about":[{"href":"https:\/\/faesafor.com\/es\/wp-json\/wp\/v2\/types\/post"}],"author":[{"embeddable":true,"href":"https:\/\/faesafor.com\/es\/wp-json\/wp\/v2\/users\/33"}],"replies":[{"embeddable":true,"href":"https:\/\/faesafor.com\/es\/wp-json\/wp\/v2\/comments?post=6648"}],"version-history":[{"count":0,"href":"https:\/\/faesafor.com\/es\/wp-json\/wp\/v2\/posts\/6648\/revisions"}],"wp:attachment":[{"href":"https:\/\/faesafor.com\/es\/wp-json\/wp\/v2\/media?parent=6648"}],"wp:term":[{"taxonomy":"category","embeddable":true,"href":"https:\/\/faesafor.com\/es\/wp-json\/wp\/v2\/categories?post=6648"},{"taxonomy":"post_tag","embeddable":true,"href":"https:\/\/faesafor.com\/es\/wp-json\/wp\/v2\/tags?post=6648"}],"curies":[{"name":"wp","href":"https:\/\/api.w.org\/{rel}","templated":true}]}}