{"id":6849,"date":"2018-07-11T11:39:58","date_gmt":"2018-07-11T10:39:58","guid":{"rendered":"http:\/\/www.faesafor.com\/es\/?p=6849"},"modified":"2018-07-11T11:39:58","modified_gmt":"2018-07-11T10:39:58","slug":"faes-y-el-campus-de-gandia-de-la-upv-abordan-nuevas-vias-de-colaboracion","status":"publish","type":"post","link":"https:\/\/faesafor.com\/es\/faes-y-el-campus-de-gandia-de-la-upv-abordan-nuevas-vias-de-colaboracion\/","title":{"rendered":"FAES y el Campus de Gandia de la UPV abordan nuevas v\u00edas de colaboraci\u00f3n"},"content":{"rendered":"<p>La Federaci\u00f3n de Asociaciones de Empresarios de la Safor (FAES) y el Campus de Gandia de la Universitat Polit\u00e8cnica de Val\u00e8ncia (UPV) han celebrado una reuni\u00f3n para concretar nuevas v\u00edas de colaboraci\u00f3n entre el Campus y FAES.<\/p>\n<p>En el encuentro han participado el presidente de FAES, Miguel Todol\u00ed; la secretaria de la Federaci\u00f3n, Fina L\u00f3pez; el director del Campus de Gandia de la UPV, Jes\u00fas Alba; y el subdirector responsable de emprendimiento y C\u00e1tedras de Empresa del Campus, Vicent Altur.<\/p>\n<p>Los asuntos tratados abordan aspectos como la formaci\u00f3n, pr\u00e1cticas de empresa, coordinaci\u00f3n en eventos y gesti\u00f3n de espacios.<\/p>\n<p>Alba se ha mostrado muy satisfecho por la sinton\u00eda existente entre el empresariado de la Safor y el Campus; por su parte, Todol\u00ed ha expresado la voluntad de FAES de profundizar en la colaboraci\u00f3n con la universidad, a trav\u00e9s de la cual se aporta talento y formaci\u00f3n a la comarca, gracias en muchos casos a estudiantes y titulados.<\/p>\n","protected":false},"excerpt":{"rendered":"<p>La Federaci\u00f3n de Asociaciones de Empresarios de la Safor (FAES) y el Campus de Gandia de la Universitat Polit\u00e8cnica de Val\u00e8ncia (UPV) han celebrado una reuni\u00f3n para concretar nuevas v\u00edas de colaboraci\u00f3n entre el Campus y FAES.<\/p>\n","protected":false},"author":33,"featured_media":0,"comment_status":"open","ping_status":"open","sticky":false,"template":"","format":"standard","meta":{"colormag_page_layout":"default_layout","footnotes":""},"categories":[],"tags":[],"class_list":["post-6849","post","type-post","status-publish","format-standard","hentry"],"_links":{"self":[{"href":"https:\/\/faesafor.com\/es\/wp-json\/wp\/v2\/posts\/6849","targetHints":{"allow":["GET"]}}],"collection":[{"href":"https:\/\/faesafor.com\/es\/wp-json\/wp\/v2\/posts"}],"about":[{"href":"https:\/\/faesafor.com\/es\/wp-json\/wp\/v2\/types\/post"}],"author":[{"embeddable":true,"href":"https:\/\/faesafor.com\/es\/wp-json\/wp\/v2\/users\/33"}],"replies":[{"embeddable":true,"href":"https:\/\/faesafor.com\/es\/wp-json\/wp\/v2\/comments?post=6849"}],"version-history":[{"count":0,"href":"https:\/\/faesafor.com\/es\/wp-json\/wp\/v2\/posts\/6849\/revisions"}],"wp:attachment":[{"href":"https:\/\/faesafor.com\/es\/wp-json\/wp\/v2\/media?parent=6849"}],"wp:term":[{"taxonomy":"category","embeddable":true,"href":"https:\/\/faesafor.com\/es\/wp-json\/wp\/v2\/categories?post=6849"},{"taxonomy":"post_tag","embeddable":true,"href":"https:\/\/faesafor.com\/es\/wp-json\/wp\/v2\/tags?post=6849"}],"curies":[{"name":"wp","href":"https:\/\/api.w.org\/{rel}","templated":true}]}}