{"id":6923,"date":"2018-09-19T10:10:30","date_gmt":"2018-09-19T09:10:30","guid":{"rendered":"http:\/\/www.faesafor.com\/es\/?p=6923"},"modified":"2018-09-19T10:10:30","modified_gmt":"2018-09-19T09:10:30","slug":"aedp-tiende-su-mano-al-ayuntamiento-de-daimus-para-avanzar-en-el-proyecto-de-la-fibra-optica","status":"publish","type":"post","link":"https:\/\/faesafor.com\/es\/aedp-tiende-su-mano-al-ayuntamiento-de-daimus-para-avanzar-en-el-proyecto-de-la-fibra-optica\/","title":{"rendered":"AEDP tiende su mano al ayuntamiento de Daim\u00fas para avanzar en el proyecto de la fibra \u00f3ptica"},"content":{"rendered":"<p>El presidente de la Asociaci\u00f3n de Empresarios de Daim\u00fas y sus Pol\u00edgonos, Guillermo Mayor, ha pedido al gobierno municipal trabajar \u00abcodo con codo\u00bb con los empresarios del pol\u00edgono para hacer realidad el proyecto de la fibra \u00f3ptica porque \u00aben esta gesti\u00f3n necesitamos de la ayuda del Ayuntamiento. Trabajamos con muchos datos y se ha convertido en una herramienta m\u00e1s que necesaria para nuestras empresas\u00bb.<\/p>\n<p>En este sentido, Mayor ha recalcado que \u00abla tecnolog\u00eda es esencial para todos y, por lo tanto, tenemos que ir de la mano con las instituciones p\u00fablicas para que as\u00ed sea posible. De lo contrario, ser\u00eda un gran error\u00bb. Adem\u00e1s, ha explicado que \u00abhemos estado reunidos con el IVACE y sabemos el tipo de ayudas que se publicar\u00e1n en breve, unas subvenciones que cubrir\u00edan buena parte de nuestras necesidades\u00bb.<\/p>\n<p>AEDP cuenta con 29 asociados, en estos momentos, y con vistas a una nueva incorporaci\u00f3n pr\u00f3ximamente. Es una entidad asociativa que forma parte de la Federaci\u00f3n de Asociaciones de Empresarios de la Safor al entender que \u00abla Federaci\u00f3n tiene una gran fuerza en Valencia y en la Comunitat. Ser asociados de FAES nos permite que nuestras demandas y preocupaciones lleguen a las instituciones\u00bb.<\/p>\n<p>Asimismo, el presidente de AEDP ha destacado la importancia del asociacionismo porque \u00abes una forma de colaborar conjuntamente y hacer negocio. Tienen muchas cosas buenas\u00bb. Por \u00faltimo, ha anunciado que continuar\u00e1n trabajando para solucionar la problem\u00e1tica de la iluminaci\u00f3n con la colaboraci\u00f3n del ayuntamiento de Daim\u00fas.<\/p>\n<p>Para ver las noticias m\u00e1s destacadas de hoy, pincha aqu\u00ed<\/p>\n","protected":false},"excerpt":{"rendered":"<p>El presidente de la Asociaci\u00f3n de Empresarios de Daim\u00fas y sus Pol\u00edgonos, Guillermo Mayor, ha pedido al gobierno municipal trabajar \u00abcodo con codo\u00bb con los empresarios del pol\u00edgono para hacer realidad el proyecto de la fibra \u00f3ptica porque \u00aben esta gesti\u00f3n necesitamos de la ayuda del Ayuntamiento. Trabajamos con muchos datos y se ha convertido en una herramienta m\u00e1s que necesaria para nuestras empresas\u00bb.<\/p>\n","protected":false},"author":33,"featured_media":0,"comment_status":"open","ping_status":"open","sticky":false,"template":"","format":"standard","meta":{"colormag_page_layout":"default_layout","footnotes":""},"categories":[],"tags":[],"class_list":["post-6923","post","type-post","status-publish","format-standard","hentry"],"_links":{"self":[{"href":"https:\/\/faesafor.com\/es\/wp-json\/wp\/v2\/posts\/6923","targetHints":{"allow":["GET"]}}],"collection":[{"href":"https:\/\/faesafor.com\/es\/wp-json\/wp\/v2\/posts"}],"about":[{"href":"https:\/\/faesafor.com\/es\/wp-json\/wp\/v2\/types\/post"}],"author":[{"embeddable":true,"href":"https:\/\/faesafor.com\/es\/wp-json\/wp\/v2\/users\/33"}],"replies":[{"embeddable":true,"href":"https:\/\/faesafor.com\/es\/wp-json\/wp\/v2\/comments?post=6923"}],"version-history":[{"count":0,"href":"https:\/\/faesafor.com\/es\/wp-json\/wp\/v2\/posts\/6923\/revisions"}],"wp:attachment":[{"href":"https:\/\/faesafor.com\/es\/wp-json\/wp\/v2\/media?parent=6923"}],"wp:term":[{"taxonomy":"category","embeddable":true,"href":"https:\/\/faesafor.com\/es\/wp-json\/wp\/v2\/categories?post=6923"},{"taxonomy":"post_tag","embeddable":true,"href":"https:\/\/faesafor.com\/es\/wp-json\/wp\/v2\/tags?post=6923"}],"curies":[{"name":"wp","href":"https:\/\/api.w.org\/{rel}","templated":true}]}}