{"id":6930,"date":"2018-09-21T09:50:27","date_gmt":"2018-09-21T08:50:27","guid":{"rendered":"http:\/\/www.faesafor.com\/es\/?p=6930"},"modified":"2018-09-21T09:50:27","modified_gmt":"2018-09-21T08:50:27","slug":"el-centre-historic-comercial-de-gandia-presenta-su-nueva-imagen-renovada-fresca-y-dinamica","status":"publish","type":"post","link":"https:\/\/faesafor.com\/es\/el-centre-historic-comercial-de-gandia-presenta-su-nueva-imagen-renovada-fresca-y-dinamica\/","title":{"rendered":"El Centre Hist\u00f2ric Comercial de Gandia presenta su nueva imagen \u201crenovada, fresca y din\u00e1mica\u201d"},"content":{"rendered":"<p>El presidente del Centre Hist\u00f2ric Comercial de Gandia, Pedro Izquierdo, ha hecho p\u00fablicas las primeras pinceladas de lo que ser\u00e1 la nueva imagen de la asociaci\u00f3n. Seg\u00fan Izquierdo, una imagen \u201crenovada, colorida, con nueva web y proyectos muy ilusionantes\u201d.<\/p>\n<p>Unas novedades que presentar\u00e1n a finales de octubre, principios de noviembre y que supondr\u00e1n el punto de inicio a un nuevo proyecto que desde la Junta Directiva \u201cse est\u00e1 trabajando mucho\u201d con el objetivo de \u201cllamar a m\u00e1s p\u00fablico y de todas las edades\u201d.<\/p>\n<p>Alrededor de 100 asociados forman parte de esta entidad asociativa y con vistas a continuar creciendo porque \u201ccada d\u00eda hacemos nuestra labor comercial presentando el proyecto a m\u00e1s gente que se queda encantada con las acciones que desarrollamos para potenciar el Centre Hist\u00f2ric\u201d.<\/p>\n<p>Entre las acciones m\u00e1s inmediatas, el presidente del Centre Hist\u00f2ric Comercial de Gandia, ha hecho p\u00fablica la de \u201cBotigues al carrer\u201d que se celebrar\u00e1 el pr\u00f3ximo 22 de septiembre. Una iniciativa \u201cen la que a\u00f1o tras a\u00f1o ponemos much\u00edsima ilusi\u00f3n y que siempre llena las calles\u201d.<\/p>\n<p>Para Izquierdo, en el Centre Hist\u00f2ric Comercial de Gandia \u201cse puede encontrar de todo. Desde tiendas, hasta gastronom\u00eda y cultura\u201d. En este sentido, ha querido mostrar su satisfacci\u00f3n porque \u201caquellos locales vac\u00edos que en un momento dado han dejado grandes comercios por pol\u00edtica de empresa, ahora est\u00e1n en ejecuci\u00f3n y desarrollo de proyectos e, incluso, con vistas a inaugurarlos en pr\u00f3ximas semanas y meses\u201d.<\/p>\n<p>Entre sus principales reivindicaciones destaca la apertura del parking del Centre Hist\u00f2ric. \u201cNos gustar\u00eda que en campa\u00f1as puntuales pudi\u00e9ramos hacer uso del replanteo que hizo el Ayuntamiento para disponer de m\u00e1s plazas\u201d. Y, tambi\u00e9n, la necesidad de m\u00e1s vigilancia y seguridad.<\/p>\n<p>Sobre FAES ha puntualizado que se sienten muy bien representados \u201cpor una Federaci\u00f3n que cada vez m\u00e1s ha ganado en visibilidad y en la que encontramos todo el apoyo necesario para trasladar nuestras necesidades y reivindicaciones a las administraciones p\u00fablicas. Para el Centre Hist\u00f2ric es fundamental formar parte de este organismo con el que trabajamos conjuntamente por nuestros asociados\u201d.<\/p>\n","protected":false},"excerpt":{"rendered":"<p>El presidente del Centre Hist\u00f2ric Comercial de Gandia, Pedro Izquierdo, ha hecho p\u00fablicas las primeras pinceladas de lo que ser\u00e1 la nueva imagen de la asociaci\u00f3n. Seg\u00fan Izquierdo, una imagen \u201crenovada, colorida, con nueva web y proyectos muy ilusionantes\u201d.<\/p>\n","protected":false},"author":33,"featured_media":0,"comment_status":"open","ping_status":"open","sticky":false,"template":"","format":"standard","meta":{"colormag_page_layout":"default_layout","footnotes":""},"categories":[],"tags":[],"class_list":["post-6930","post","type-post","status-publish","format-standard","hentry"],"_links":{"self":[{"href":"https:\/\/faesafor.com\/es\/wp-json\/wp\/v2\/posts\/6930","targetHints":{"allow":["GET"]}}],"collection":[{"href":"https:\/\/faesafor.com\/es\/wp-json\/wp\/v2\/posts"}],"about":[{"href":"https:\/\/faesafor.com\/es\/wp-json\/wp\/v2\/types\/post"}],"author":[{"embeddable":true,"href":"https:\/\/faesafor.com\/es\/wp-json\/wp\/v2\/users\/33"}],"replies":[{"embeddable":true,"href":"https:\/\/faesafor.com\/es\/wp-json\/wp\/v2\/comments?post=6930"}],"version-history":[{"count":0,"href":"https:\/\/faesafor.com\/es\/wp-json\/wp\/v2\/posts\/6930\/revisions"}],"wp:attachment":[{"href":"https:\/\/faesafor.com\/es\/wp-json\/wp\/v2\/media?parent=6930"}],"wp:term":[{"taxonomy":"category","embeddable":true,"href":"https:\/\/faesafor.com\/es\/wp-json\/wp\/v2\/categories?post=6930"},{"taxonomy":"post_tag","embeddable":true,"href":"https:\/\/faesafor.com\/es\/wp-json\/wp\/v2\/tags?post=6930"}],"curies":[{"name":"wp","href":"https:\/\/api.w.org\/{rel}","templated":true}]}}