{"id":7020,"date":"2018-10-17T17:48:39","date_gmt":"2018-10-17T16:48:39","guid":{"rendered":"http:\/\/www.faesafor.com\/es\/?p=7020"},"modified":"2018-10-17T17:48:39","modified_gmt":"2018-10-17T16:48:39","slug":"miguel-todoli-limpacte-economic-social-en-la-safor-amb-la-celebracio-del-focus-pyme-emprenedoria-2018-ens-permetra-coneixer-la-situacio-dels-emprenedors","status":"publish","type":"post","link":"https:\/\/faesafor.com\/es\/miguel-todoli-limpacte-economic-social-en-la-safor-amb-la-celebracio-del-focus-pyme-emprenedoria-2018-ens-permetra-coneixer-la-situacio-dels-emprenedors\/","title":{"rendered":"Miguel Todol\u00ed: \u00abL&#8217;impacte econ\u00f2mic social en la Safor amb la celebraci\u00f3 del Focus Pyme Emprenedoria 2018, ens permetr\u00e0 con\u00e9ixer la situaci\u00f3 dels emprenedors\u00bb"},"content":{"rendered":"<p>L&#8217;alcaldessa de Gandia, Diana Morant, acompanyada pel conseller d&#8217;Economia Sostenible, sectors productius, Comer\u00e7 i Treball, Rafa Climent; Miguel Todol\u00ed, president de FAES; i Jes\u00fas Casanova, director del CEEI Val\u00e8ncia, han presentat aquest mat\u00ed en roda de premsa l&#8217;esdeveniment m\u00e9s important de l&#8217;any que se celebra a la Comunitat Valenciana, en l&#8217;\u00e0mbit de l&#8217;empresa i la innovaci\u00f3: el FOCUS PYME i Emprenedoria Comunitat Valenciana 2018, el qual, sota el t\u00edtol \u00abTurisme Intel\u00b7ligent i Qualitat de Vida\u00bb tindr\u00e0 lloc a Gandia (Palau Ducal, Casa de Cultura i Urbalab), els pr\u00f2xims dies 22 i 23 d&#8217;octubre.<\/p>\n<p>El FOCUS PYME est\u00e0 organitzat per l&#8217;Ajuntament de Gandia i els CEEI de la Comunitat Valenciana, amb la col\u00b7laboraci\u00f3 de les diferents entitats que integren l&#8217;ecosistema valenci\u00e0 d&#8217;emprenedoria innovador.<br \/>\nLa iniciativa compta amb el finan\u00e7ament de la Generalitat Valenciana, a trav\u00e9s de l&#8217;IVACE (Institut Valenci\u00e0 de Competitivitat Empresarial), i pel Fons Europeu de Desenvolupament Regional (FEDER), en el marc del Programa Operatiu de la Comunitat Valenciana 2014-2020).<\/p>\n<p>Diana Morant ha qualificat de un \u00abencert\u00bb l&#8217;elecci\u00f3 de Gandia per a albergar aquest esdeveniment on, segons els organitzadors, es donaran cita prop de 1.000 professionals, 100 ponents i es desenvoluparan un total de 25 activitats.<\/p>\n<p>\u00abA Gandia, tenim un ecosistema emprenedor potent, que est\u00e0 conformat per Campus de Gandia de la UPV,l&#8217;Urbalab i per les moltes empreses innovadores que hi ha a la nostra ciutat a m\u00e9s d&#8217;haver apostat de manera ferma per la gesti\u00f3 tur\u00edstica intel\u00b7ligent\u00bb \u00abEl fet que el fil conductor d&#8217;aquest f\u00f2rum empresarial siga &#8216;El turisme intel\u00b7ligent i qualitat de vida&#8217;, com a alcaldessa i responsable del departament de Turisme de l&#8217;Ajuntament de Gandia, m&#8217;alegra especialment perqu\u00e8 estem treballant intensament per ser una Smart Destination, \u00e9s a dir, un espai tur\u00edstic innovador, accessible, consolidat sobre una infraestructura tecnol\u00f2gica d&#8217;avantguarda, que garanteix el desenvolupament sostenible del territori, facilita la interacci\u00f3 i integraci\u00f3 del visitant amb l&#8217;entorn, i augmenta la qualitat de la seua experi\u00e8ncia en la destinaci\u00f3 i la qualitat de vida dels residents\u00bb.<\/p>\n<p>Per al president de FAES, Miguel Todol\u00ed \u00abl&#8217;impacte econ\u00f2mic social en aquesta comarca amb la celebraci\u00f3 del Focus Pyme Emprenedoria 2018, ens permetr\u00e0 con\u00e9ixer la situaci\u00f3 de les emprenedores, emprenedors i professionals, ja que el cam\u00ed perqu\u00e8 facen realitat el seu projecte implica integrar-les en la societat del coneixement i no desaprofitar les oportunitats que aquesta ens puga portar\u00bb.<\/p>\n<p>Per la seua banda, Jes\u00fas Casanova va agrair a l&#8217;Ajuntament i FAES \u00abtotes les facilitats que ens han donat per acollir un esdeveniment tan important com el FOCUS PYME a Gandia\u00bb.<br \/>\nCasanova ha destacat que l&#8217;esdeveniment t\u00e9 tres novetats destacades com comptar amb un tema espec\u00edfic com \u00e9s &#8216;El turisme intel\u00b7ligent i qualitat de vida&#8217;. El segon aspecte \u00e9s la descentralitzaci\u00f3, ja que l&#8217;esdeveniment tindr\u00e0 lloc en una ciutat que no \u00e9s capital de prov\u00edncia i finalment, que la iniciativa es desenvolupar\u00e0 durant dos dies.<\/p>\n<p>Finalment, Rafa Climent ha anunciat que l&#8217;Ivace llan\u00e7ar\u00e0 en 2019 una convocat\u00f2ria d&#8217;ajuts espec\u00edfica per a emprenedors i empreses innovadores.<br \/>\nAmb aquests ajuts es pret\u00e9n cobrir els serveis d&#8217;assessorament especialitzats en \u00e0rees com el diagn\u00f2stic estrat\u00e8gic, model de negoci, m\u00e0rqueting i comercialitzaci\u00f3, organitzaci\u00f3 i processos oferts per experts en emprenedoria.<\/p>\n<p>Climent ha destacat la necessitat de seguir reivindicant el paper de les persones emprenedores com a motors fonamentals de la generaci\u00f3 de riquesa i benestar.<br \/>\n\u00abTots ells -ha insistit- necessiten les infraestructures, les eines i els suports adequats per cr\u00e9ixer dins d&#8217;un ecosistema de l&#8217;emprenedoria innovador, diversificat i eficient\u00bb.<\/p>\n","protected":false},"excerpt":{"rendered":"<p>L&#8217;alcaldessa de Gandia, Diana Morant, acompanyada pel conseller d&#8217;Economia Sostenible, sectors productius, Comer\u00e7 i Treball, Rafa Climent; Miguel Todol\u00ed, president de FAES; i Jes\u00fas Casanova, director del CEEI Val\u00e8ncia, han presentat aquest mat\u00ed en roda de premsa l&#8217;esdeveniment m\u00e9s important de l&#8217;any que se celebra a la Comunitat Valenciana, en l&#8217;\u00e0mbit de l&#8217;empresa i la innovaci\u00f3: el FOCUS PYME i Emprenedoria Comunitat Valenciana 2018, el qual, sota el t\u00edtol \u00abTurisme Intel\u00b7ligent i Qualitat de Vida\u00bb tindr\u00e0 lloc a Gandia (Palau Ducal, Casa de Cultura i Urbalab), els pr\u00f2xims dies 22 i 23 d&#8217;octubre.<\/p>\n","protected":false},"author":33,"featured_media":0,"comment_status":"open","ping_status":"open","sticky":false,"template":"","format":"standard","meta":{"colormag_page_layout":"default_layout","footnotes":""},"categories":[],"tags":[],"class_list":["post-7020","post","type-post","status-publish","format-standard","hentry"],"_links":{"self":[{"href":"https:\/\/faesafor.com\/es\/wp-json\/wp\/v2\/posts\/7020","targetHints":{"allow":["GET"]}}],"collection":[{"href":"https:\/\/faesafor.com\/es\/wp-json\/wp\/v2\/posts"}],"about":[{"href":"https:\/\/faesafor.com\/es\/wp-json\/wp\/v2\/types\/post"}],"author":[{"embeddable":true,"href":"https:\/\/faesafor.com\/es\/wp-json\/wp\/v2\/users\/33"}],"replies":[{"embeddable":true,"href":"https:\/\/faesafor.com\/es\/wp-json\/wp\/v2\/comments?post=7020"}],"version-history":[{"count":0,"href":"https:\/\/faesafor.com\/es\/wp-json\/wp\/v2\/posts\/7020\/revisions"}],"wp:attachment":[{"href":"https:\/\/faesafor.com\/es\/wp-json\/wp\/v2\/media?parent=7020"}],"wp:term":[{"taxonomy":"category","embeddable":true,"href":"https:\/\/faesafor.com\/es\/wp-json\/wp\/v2\/categories?post=7020"},{"taxonomy":"post_tag","embeddable":true,"href":"https:\/\/faesafor.com\/es\/wp-json\/wp\/v2\/tags?post=7020"}],"curies":[{"name":"wp","href":"https:\/\/api.w.org\/{rel}","templated":true}]}}