{"id":7023,"date":"2018-10-17T18:22:59","date_gmt":"2018-10-17T17:22:59","guid":{"rendered":"http:\/\/www.faesafor.com\/es\/?p=7023"},"modified":"2020-03-25T20:05:18","modified_gmt":"2020-03-25T19:05:18","slug":"el-presidente-de-faes-defiende-en-la-gala-premios-faes-2018-la-colaboracion-publico-privada-para-poder-crecer-en-competitividad","status":"publish","type":"post","link":"https:\/\/faesafor.com\/es\/el-presidente-de-faes-defiende-en-la-gala-premios-faes-2018-la-colaboracion-publico-privada-para-poder-crecer-en-competitividad\/","title":{"rendered":"El presidente de FAES defiende en la Gala Premios FAES 2018 la colaboraci\u00f3n p\u00fablico &#8211; privada para \u00abpoder crecer en competitividad\u00bb"},"content":{"rendered":"<p>M\u00e1s de 400 personas asistieron este pasado martes, 16 de octubre, al XIX Encuentro Empresarial Premios FAES 2018 que se celebr\u00f3 en el Espai Baladre de la playa de Gandia. En el encuentro hubo una amplia representaci\u00f3n del sector pol\u00edtico, as\u00ed como del empresariado de la comarca.<\/p>\n<p>Aunque no faltaron las reivindicaciones ya cl\u00e1sicas como, por ejemplo, las infraestructurales, destac\u00f3 el tono conciliador en los discursos apelando al di\u00e1logo y a la suma de esfuerzos para conseguir una administraci\u00f3n m\u00e1s eficiente o pol\u00edticas que impulsen la innovaci\u00f3n empresarial.<\/p>\n<p>Cabe destacar que entre las autoridades estuvieron presentes el conseller de Econom\u00eda, Rafael Climent; el presidente de Les Corts, Enric Morera; el delegado del Gobierno, Juan Carlos Fulgencio; los directores del IVACE y del Instituto Valenciano de la Vivienda; el presidente de la CEV, Salvador Navarro; representantes de la C\u00e1mara y de otras asociaciones de la Comunitat; tambi\u00e9n sindicales, alcaldes y concejales de la Safor.<\/p>\n<p>Recordamos los premiados: IVIO Dental (Premio del Campus de Gandia de la UPV), Exquisite Fruits (Internacionalizaci\u00f3n Empresarial); Santaula Formaci\u00f3 i Gastronomia Grup Evarist Miralles, (Premio a la Innovaci\u00f3n); Construcciones Gomu\u00f1oz (Empresa Emprendedora); Aluart Ventanas (Empresa Socialmente Comprometida); y Disarp (Premio a la Trayectoria Empresarial).<\/p>\n<p>Nuestro presidente, Miguel Todol\u00ed, que se estren\u00f3 en esta su primera gala, hizo hincapi\u00e9 en que era una noche para reinvindicar, pero tambi\u00e9n para la \u201ccolaboraci\u00f3n p\u00fablico-privada\u201d.<\/p>\n<p>\u00abHoy, los empresarios queremos manifestar nuestra total disposici\u00f3n a colaborar con la Administraci\u00f3n local, provincial y auton\u00f3mica. Queremos apostar por una intensa colaboraci\u00f3n P\u00fablico-Privada\u00bb.<\/p>\n<p>Asimismo, recalc\u00f3 que \u00abliderar el cambio significa apostar por una sociedad innovadora, que se apoye en cuatro pilares: las empresas, las universidades, las administraciones p\u00fablicas y las asociaciones. En nuestra comarca tenemos los ingredientes adecuados para conseguirlo\u00bb.<\/p>\n<p>Tambi\u00e9n tuvo unas palabras para Salvador Navarro. \u00abQuiero manifestar nuestra apuesta por seguir aunando esfuerzos con la Confederaci\u00f3n Empresarial de la Comunitat Valenciana y agradezco su presencia hoy, en este Encuentro, a su presidente Salvador Navarro\u00bb.<\/p>\n<p>Por \u00faltimo, reiter\u00f3 su agradecimiento a \u00abtodos los que apuestan por la uni\u00f3n y el fortalecimiento de esta Federaci\u00f3n, y mi invitaci\u00f3n a todas las empresas a asociarse. Y, como no, esto no ser\u00eda posible tampoco sin la implicaci\u00f3n de las asociaciones que hacen posible este gran proyecto Federativo\u00bb.<\/p>\n","protected":false},"excerpt":{"rendered":"<p>M\u00e1s de 400 personas asistieron este pasado martes, 16 de octubre, al XIX Encuentro Empresarial Premios FAES 2018 que se celebr\u00f3 en el Espai Baladre de la playa de Gandia. En el encuentro hubo una amplia representaci\u00f3n del sector pol\u00edtico, as\u00ed como del empresariado de la comarca.<\/p>\n","protected":false},"author":33,"featured_media":0,"comment_status":"open","ping_status":"open","sticky":false,"template":"","format":"standard","meta":{"colormag_page_layout":"default_layout","footnotes":""},"categories":[],"tags":[],"class_list":["post-7023","post","type-post","status-publish","format-standard","hentry"],"_links":{"self":[{"href":"https:\/\/faesafor.com\/es\/wp-json\/wp\/v2\/posts\/7023","targetHints":{"allow":["GET"]}}],"collection":[{"href":"https:\/\/faesafor.com\/es\/wp-json\/wp\/v2\/posts"}],"about":[{"href":"https:\/\/faesafor.com\/es\/wp-json\/wp\/v2\/types\/post"}],"author":[{"embeddable":true,"href":"https:\/\/faesafor.com\/es\/wp-json\/wp\/v2\/users\/33"}],"replies":[{"embeddable":true,"href":"https:\/\/faesafor.com\/es\/wp-json\/wp\/v2\/comments?post=7023"}],"version-history":[{"count":0,"href":"https:\/\/faesafor.com\/es\/wp-json\/wp\/v2\/posts\/7023\/revisions"}],"wp:attachment":[{"href":"https:\/\/faesafor.com\/es\/wp-json\/wp\/v2\/media?parent=7023"}],"wp:term":[{"taxonomy":"category","embeddable":true,"href":"https:\/\/faesafor.com\/es\/wp-json\/wp\/v2\/categories?post=7023"},{"taxonomy":"post_tag","embeddable":true,"href":"https:\/\/faesafor.com\/es\/wp-json\/wp\/v2\/tags?post=7023"}],"curies":[{"name":"wp","href":"https:\/\/api.w.org\/{rel}","templated":true}]}}