{"id":7028,"date":"2018-11-02T00:07:12","date_gmt":"2018-11-01T23:07:12","guid":{"rendered":"http:\/\/www.faesafor.com\/es\/?p=7028"},"modified":"2018-11-02T00:07:12","modified_gmt":"2018-11-01T23:07:12","slug":"faes-desarrollara-cada-ano-una-colaboracion-solidaria-con-una-organizacion-sin-animo-de-lucro","status":"publish","type":"post","link":"https:\/\/faesafor.com\/es\/faes-desarrollara-cada-ano-una-colaboracion-solidaria-con-una-organizacion-sin-animo-de-lucro\/","title":{"rendered":"FAES desarrollar\u00e1 cada a\u00f1o una colaboraci\u00f3n solidaria con una organizaci\u00f3n sin \u00e1nimo de lucro"},"content":{"rendered":"<p>La Junta Directiva en su reuni\u00f3n ordinaria del mes de octubre, celebrada el pasado martes, 30 de octubre, acord\u00f3 por unanimidad en el punto tres del orden del d\u00eda, el nombramiento de Vicepresidente a Juan Pablo Tur, presidente de la Asociaci\u00f3n de Empresarios de la Safor (AES).<\/p>\n<p>De esta manera, cumplimos con los estatus en el nombramiento de cuatro vicepresidentes y el presidente de Fomento como vicepresidente estipulado en el acuerdo con Fomento de Agricultura, Industria y Comercio de Gandia.<\/p>\n<p>Desde su nombramiento como presidente de AESAFOR, Juan Pablo Tur sustituye a Antonia Estrugo como representante de la Asociaci\u00f3n de Empresarios de la Safor en la Junta Directiva de FAES.<\/p>\n<p>La Junta Directiva acord\u00f3 por unanimidad la propuesta del presidente de iniciar cada ejercicio una colaboraci\u00f3n solidaria con una organizaci\u00f3n sin \u00e1nimo de lucro con sede en la comarca de la Safor, en este sentido, se acuerda dedicar el ejercicio 2019 a colaborar y participar solidariamente en la difusi\u00f3n de las actividades y acciones de la Asociaci\u00f3n contra el C\u00e1ncer de Gandia (AECC Gandia).<\/p>\n<p>Desde FAES reconocemos el trabajo de la Asociaci\u00f3n contra el C\u00e1ncer de Gandia, es importante para nuestra sociedad educar en salud, apoyar y acompa\u00f1ar a las personas enfermas y sus familiares, tambi\u00e9n valoramos la dedicaci\u00f3n a la financiaci\u00f3n de proyectos de investigaci\u00f3n que permitir\u00e1n un mejor diagn\u00f3stico y tratamiento del c\u00e1ncer.<\/p>\n","protected":false},"excerpt":{"rendered":"<p>La Junta Directiva en su reuni\u00f3n ordinaria del mes de octubre, celebrada el pasado martes, 30 de octubre, acord\u00f3 por unanimidad en el punto tres del orden del d\u00eda, el nombramiento de Vicepresidente a Juan Pablo Tur, presidente de la Asociaci\u00f3n de Empresarios de la Safor (AES).<\/p>\n","protected":false},"author":33,"featured_media":0,"comment_status":"open","ping_status":"open","sticky":false,"template":"","format":"standard","meta":{"colormag_page_layout":"default_layout","footnotes":""},"categories":[],"tags":[],"class_list":["post-7028","post","type-post","status-publish","format-standard","hentry"],"_links":{"self":[{"href":"https:\/\/faesafor.com\/es\/wp-json\/wp\/v2\/posts\/7028","targetHints":{"allow":["GET"]}}],"collection":[{"href":"https:\/\/faesafor.com\/es\/wp-json\/wp\/v2\/posts"}],"about":[{"href":"https:\/\/faesafor.com\/es\/wp-json\/wp\/v2\/types\/post"}],"author":[{"embeddable":true,"href":"https:\/\/faesafor.com\/es\/wp-json\/wp\/v2\/users\/33"}],"replies":[{"embeddable":true,"href":"https:\/\/faesafor.com\/es\/wp-json\/wp\/v2\/comments?post=7028"}],"version-history":[{"count":0,"href":"https:\/\/faesafor.com\/es\/wp-json\/wp\/v2\/posts\/7028\/revisions"}],"wp:attachment":[{"href":"https:\/\/faesafor.com\/es\/wp-json\/wp\/v2\/media?parent=7028"}],"wp:term":[{"taxonomy":"category","embeddable":true,"href":"https:\/\/faesafor.com\/es\/wp-json\/wp\/v2\/categories?post=7028"},{"taxonomy":"post_tag","embeddable":true,"href":"https:\/\/faesafor.com\/es\/wp-json\/wp\/v2\/tags?post=7028"}],"curies":[{"name":"wp","href":"https:\/\/api.w.org\/{rel}","templated":true}]}}