{"id":7449,"date":"2019-05-22T17:07:29","date_gmt":"2019-05-22T16:07:29","guid":{"rendered":"http:\/\/www.faesafor.com\/es\/?p=7449"},"modified":"2019-05-22T17:07:29","modified_gmt":"2019-05-22T16:07:29","slug":"el-presidente-de-faes-formara-parte-del-comite-ejecutivo-de-la-cev","status":"publish","type":"post","link":"https:\/\/faesafor.com\/es\/el-presidente-de-faes-formara-parte-del-comite-ejecutivo-de-la-cev\/","title":{"rendered":"El presidente de FAES formar\u00e1 parte del Comit\u00e9 ejecutivo de la CEV"},"content":{"rendered":"<p>La Federaci\u00f3n de Asociaciones de Empresarios de la Safor celebr\u00f3 este pasado martes, 21 de mayo, su Asamblea General Ordinaria y Asamblea General Extraordinaria. El acto cont\u00f3 con la asistencia del presidente de la Confederaci\u00f3n Empresarial\u00a0de la\u00a0Comunitat Valenciana,\u00a0Salvador Navarro Pradas.<\/p>\n<p>El presidente de la CEV \u00a0resalt\u00f3, a lo largo de su discurso, el apoyo permanente de la Federaci\u00f3n a la CEV. Asimismo, hizo un breve repaso de la evoluci\u00f3n de la CEV desde 2011. \u201cLa transformaci\u00f3n\u00a0de representaci\u00f3n provincial a representaci\u00f3n\u00a0auton\u00f3mica,\u00a0de la Comunitat Valenciana, ha supuesto una etapa\u00a0dif\u00edcil,\u00a0que\u00a0finalmente\u00a0ha unificado a las tres provincias en una sola organizaci\u00f3n empresarial, una CEV de todos y para todos\u201d, aseguraba.<\/p>\n<p>Por otro lado, resalt\u00f3 que hoy la CEV \u201ces un ejemplo de eficiencia y ha sabido adaptarse a los nuevos tiempos, pasando de una etapa en el que su presupuesto depend\u00eda de las subvenciones de la Generalitat a un presupuesto que se sustenta por los asociados, con una optimizaci\u00f3n de los recursos personales. La CEV es hoy, un proyecto consolidado, que defiende los intereses generales de los empresarios, profesionales y asociaciones empresariales. El objetivo a corto plazo es la vertebraci\u00f3n de la Comunitat, organizar las tres provincias y descentralizar la provincia de Valencia\u201d, en este sentido, indica que las Juntas Directivas se van a realizar en los territorios, con el objeto de acercar la CEV a todos los sectores y comarcas.<\/p>\n<p>Otro\u00a0de los objetivos que coment\u00f3 fue aumentar la presencia\u00a0de los empresarios valencianos, a trav\u00e9s de la CEV,\u00a0en Madrid y Bruselas.\u00a0Navarro manifest\u00f3 la importancia de tener una persona permanentemente\u00a0en Madrid \u201cpara posicionar nuestras necesidades en los Ministerios y en Bruselas establecer una estructura de trabajo para estar informados\u00a0en todo momento, realizando las gestiones necesarias en beneficio de los empresarios de la Comunitat Valenciana\u201d.<\/p>\n<p>Salvador Navarro valor\u00f3 muy positivamente la representaci\u00f3n en la CEOE de la Comunitat Valenciana, un total de 27\u00a0vocales,\u00a0as\u00ed como el hecho de que en todas las Comisiones de trabajo de CEOE participen empresarios de la Comunitat Valenciana. Sobre la apuesta por la innovaci\u00f3n, incid\u00eda, \u201cen todos los sectores,\u00a0en todos los territorios de la Comunitat,\u00a0potenciando el asociacionismo y por una CEV que sea el instrumento de los empresarios para la defensa de\u00a0sus\u00a0intereses y cohesi\u00f3n social, en definitiva una CEV proactiva\u201d.<\/p>\n<p>El presidente de la CEV mostr\u00f3 su inter\u00e9s por potenciar el incremento de representantes femeninas\u00a0en las asociaciones empresariales,\u00a0tal como ya se refleja en los \u00d3rganos de Gobierno de la CEV, e invit\u00f3 a hacer realidad este objetivo a trav\u00e9s de las Juntas Directivas de las Asociaciones.<\/p>\n<p>Salvador Navarro anunci\u00f3, que en la pr\u00f3xima reuni\u00f3n del Comit\u00e9 y Junta Directiva de CEV, que se celebrar\u00e1 en D\u00e9nia el 28 de mayo, se aprobar\u00e1 la incorporaci\u00f3n de Miguel Todol\u00ed, presidente de FAES, al Comit\u00e9 ejecutivo de la CEV, as\u00ed como su deseo de que una pr\u00f3xima reuni\u00f3n de Junta Directiva de CEV Valencia, se celebre en la sede de FAES.<\/p>\n<p>Finaliz\u00f3 agradeciendo la labor de los representante de FAES en la Asamblea de la CEV;\u00a0el presidente, Miguel Todol\u00ed; Rafael Juan y Ram\u00f3n Soler,\u00a0as\u00ed como\u00a0la colaboraci\u00f3n y participaci\u00f3n en las diecis\u00e9is\u00a0Comisiones de la CEV\u00a0de empresarios de FAES\u00a0y la labor de Pilar Guti\u00e9rrez en el \u00c1rea T\u00e9cnica y de la secretaria general de FAES, Fina L\u00f3pez.<\/p>\n<p>En la Asamblea se destac\u00f3 el incremento de asociados a la Federaci\u00f3n durante el ejercicio 2018. Al finalizar el ejercicio, un total de veinte asociaciones, una empresa directamente asociada y la entidad de Fomento de Agricultura, Industria y Comercio de Gandia forman la Federaci\u00f3n de Asociaciones de Empresarios de la Safor, representados por un total de 48 vocales en la Asamblea.<\/p>\n<p>La secretaria expuso la Memoria de Actividades 2018, los miembros de la asamblea lo aprobaron e igualmente se aprobaron las cuentas anuales del ejercicio 2018. Tambi\u00e9n se aprob\u00f3 el presupuesto del ejercicio 2019, un presupuesto de 46.640\u20ac.<\/p>\n<p>En la Asamblea General Extraordinaria se aprob\u00f3 la modificaci\u00f3n de estatutos de FAES. Adaptaci\u00f3n de los Estatutos al Real Decreto416\/2015, 29 de mayo, sobre dep\u00f3sito de estatutos de las organizaciones sindicales y empresariales.<\/p>\n<p><a href=\"http:\/\/www.faesafor.com\/es\/wp-content\/uploads\/2019\/05\/6f821cfc-08f8-4386-9fca-f982eaed8597.jpeg\"><img fetchpriority=\"high\" decoding=\"async\" class=\"wp-image-7451 size-large alignleft\" src=\"http:\/\/www.faesafor.com\/es\/wp-content\/uploads\/2019\/05\/6f821cfc-08f8-4386-9fca-f982eaed8597-1024x634.jpeg\" alt=\"\" width=\"800\" height=\"495\" \/><\/a><\/p>\n<p><strong>Informe del presidente de FAES<\/strong><\/p>\n<p>FAES es hoy, una organizaci\u00f3n con un prop\u00f3sito firme de continuar trabajando en el fomento del asociacionismo comarcal y fortalecimiento del crecimiento de nuestro tejido empresarial. Y en este sentido, quiero agradecer el trabajo de la presidenta y los presidentes que me han precedido y reconocer la labor desarrollada por mi antecesor en la presidencia, Rafael Juan, una vez m\u00e1s, quiero resaltar su contribuci\u00f3n a la consolidaci\u00f3n de esta Federaci\u00f3n, promoviendo el asociacionismo empresarial en todos los foros. Muchas gracias, Rafa.<\/p>\n<p>La Federaci\u00f3n sigue creciendo, durante este ejercicio, se han sumado a FAES: la Asociaci\u00f3 D\u2019Empreses Poligon Real de Gand\u00eda, presidido por Nicol\u00e1s Barber; la Asociaci\u00f3n Safor Emprende, presidida por el Joel Sarri\u00f3; la empresa Productos Dulcesol S.L.U, representada por Rafael Juan y el Colegio Oficial de Titulares Mercantiles y Empresariales de Valencia (COMEVA), representado por el Decano, D. Juan Jos\u00e9 Estruch.<\/p>\n<p>La fuerza de la Federaci\u00f3n es la representaci\u00f3n y es en la Confederaci\u00f3n Empresarial de la Comunitat Valenciana donde nuestra representaci\u00f3n nos permite tener una posici\u00f3n muy relevante de contacto directo con el President de la Generalitat, consellers, directores generales y secretarios auton\u00f3micos de la Generalitat Valenciana, igualmente nos mantiene informados de todos los proyectos de ley, reglamentos, subvenciones e informes de inter\u00e9s para los empresarios.<\/p>\n<p>El proyecto de la CEV est\u00e1 consolidado, es reconocido como la organizaci\u00f3n que representa al colectivo empresarial de la Comunitat Valenciana, en este sentido, quiero agradecer la labor asociativa y defesa de los intereses de los empresarios al presidente Salvador Navarro, la Federaci\u00f3n manifiesta su satisfacci\u00f3n de pertenecer a esa organizaci\u00f3n.<\/p>\n<p>Para esta Federaci\u00f3n, es de vital importancia que se acometan medidas urgentes que impulsen el crecimiento econ\u00f3mico y empresarial de la Safor, estas medidas redundar\u00edan positivamente en el crecimiento econ\u00f3mico, creaci\u00f3n y mejora de la calidad del empleo y la cohesi\u00f3n social.<\/p>\n<p>Con motivo de la convocatoria de las elecciones municipales, auton\u00f3micas, nacionales y europeas, la Federaci\u00f3n ha analizado las deficiencias de nuestro territorio y ha redactado una relaci\u00f3n de medidas necesarias para nuestro desarrollo empresarial, igualmente hemos participado en las comisiones de la CEV para aportar nuestras demandas empresariales en defensa de nuestro territorio. Es fundamental reivindicar una financiaci\u00f3n justa para la Comunitat Valenciana, invertir en infraestructuras que nos permitan una vertebraci\u00f3n mediante unas comunicaciones r\u00e1pidas y eficientes, entre las comarcas centrales.<br \/>\nConsideramos imprescindible para el desarrollo econ\u00f3mico de toda la Comunitat Valenciana, la ejecuci\u00f3n del Arco Mediterr\u00e1neo.<\/p>\n<p>En un entorno de constante evoluci\u00f3n tecnol\u00f3gica, los empresarios cada vez estamos m\u00e1s sensibilizados en la gesti\u00f3n eficaz de los recursos y acogemos con inter\u00e9s proyectos que promuevan con responsabilidad acciones de respeto y ahorro. Es de gran importancia trabajar coordinados con la Administraci\u00f3n para lograr que nuestras empresas se sit\u00faen en una posici\u00f3n destacada para afrontar los nuevos retos que surgen en un mercado cada vez m\u00e1s globalizado.<\/p>\n<p>En el \u00e1mbito local y comarcal, hemos participado activamente en los foros a los que el Ayuntamiento nos ha convocado y en las diferentes mesas de trabajo, lo que nos permiten aportar nuestra experiencia y recomendaciones en defensa de los intereses empresariales. En este sentido, formamos parte del Pacte Territorial per l\u2019 Ocupaci\u00f3, junto a otros agentes sociales e instituciones.<\/p>\n<p>Hemos liderado la reivindicaci\u00f3n empresarial de acelerar la construcci\u00f3n de la Subestaci\u00f3n el\u00e9ctrica Sanxo Llop, un proyecto energ\u00e9tico para abastecer de suministro el\u00e9ctrico a toda la Comarca de la Safor, desde el \u00c1rea de \u00c1reas Industriales hemos sido capaces de consensuar un acuerdo sin precedentes con los Alcaldes y Alcaldesas de todos los municipios de la Safor, la Direcci\u00f3n General de Industria y Energ\u00eda de la Generalitat Valenciana, Iberdrola y Red El\u00e9ctrica.<br \/>\nDestacar el gran esfuerzo de los empresarios junto con los representantes de los municipios en aunar esfuerzos para conseguir de una forma sostenible y viable que la propuesta de FAES, entre en el plan de inversiones de la Conseller\u00eda de Energ\u00eda para el 2019.<\/p>\n<p>La formaci\u00f3n es sin duda uno de los factores m\u00e1s importantes para la competitividad de las empresas y los territorios. Es importante realizar una radiograf\u00eda real de nuestra comarca para poder comunicar la demanda de profesionales con el objeto de que programen cursos de formaci\u00f3n profesional adecuadas a nuestras necesidades. Desde el \u00c1rea de Formaci\u00f3n hemos establecido una comunicaci\u00f3n fluida con los Centros de Formaci\u00f3n, con la Universidad y Centro Servef d\u2019Ocupaci\u00f3 para insistir en las carencias formativas.<\/p>\n<p>Desde FAES expresamos la voluntad de profundizar en la colaboraci\u00f3n con el Campus de Gandia de la Universidad de Valencia, es nuestro objetivo incrementar nuestra participaci\u00f3n en proyectos que desarrollen temas de robotizaci\u00f3n, innovaci\u00f3n y cualquier problema que planteen las empresas, es importante aprovechar los recursos de la Universidad para resolver nuestras carencias.<br \/>\nResaltar nuestra cooperaci\u00f3n con las asociaciones territoriales, el Cercle Empresarial de la Marina Alta (CEDMA), Asociaci\u00f3n de Empresarios del Camp de Morvedre (ASECAM), Confederaci\u00f3n Empresarial de la Vall d\u2019Albaida (COEVAL) y Empresarios de Alzira, abordado temas en materia de subida tasas, de infraestructuras, transportes y movilidad. Subrayar la colaboraci\u00f3n en el programa UNEIX de la Conseller\u00eda de Vivienda, Obras P\u00fablicas y Vertebraci\u00f3n del Territorio, para trazar las principales l\u00edneas a seguir y desarrollar en la materia a largo plazo, en el periodo comprendido entre 2018 y 2029, con el objetivo de \u201cunir a la Comunitat y a los valencianos\u201d.<\/p>\n<p>La Federaci\u00f3n ha analizado a trav\u00e9s de sesiones de trabajo los siguientes temas: La Fidelizaci\u00f3n del Turista en la Comarca de la Safor, Nueva Ley de Aut\u00f3nomos, Sensibilizaci\u00f3n y difusi\u00f3n de la Cultura Emprendedora, Proyecto de ley de gesti\u00f3n, modernizaci\u00f3n y promoci\u00f3n de las \u00e1reas industriales de la CV, el Nuevo Servef, Plan de Acci\u00f3n Territorial de la Infraestructura Verde del Litoral de la Comunitat Valenciana (PATIVEL), entre otros.<\/p>\n<p>Subrayar la colaboraci\u00f3n y participaci\u00f3n en el encuentro \u201cFocus Pyme y Emprendimiento Comunitat Valenciana 2018\u201d, celebrado en Gand\u00eda, abordando como hilo conductor, el \u201cTurismo inteligente y calidad de vida\u201d, dos temas estrat\u00e9gicos tanto para la comarca de la Safor, como para toda la Comunitat, ya que forman parte de la Estrategia de Especializaci\u00f3n Inteligente en Investigaci\u00f3n e Innovaci\u00f3n.<br \/>\nEste encuentro fue una gran oportunidad de generar sinergias entre los empresarios de todos los rincones de la Comunitat Valenciana.<\/p>\n<p>Agradezco especialmente al presidente de Fomento de Agricultura, Industria y Comercio de Gand\u00eda, Joaqu\u00edn Bernab\u00e9u y a los Miembros de su Junta Directiva su estrecha colaboraci\u00f3n con esta Federaci\u00f3n que nos permite compartir un edificio tan emblem\u00e1tico como es Fomento.<\/p>\n<p>Especial agradecimiento por la gran labor realizada a los presidentes de las \u00e1reas de trabajo y a sus miembros.<\/p>\n<p>Por supuesto, mi m\u00e1s sincero agradecimiento a la Junta Directiva de FAES, a las presidentas y presidentes de nuestras asociaciones por su intenso trabajo en el desarrollo de las acciones y actividades que marcan nuestras l\u00edneas de trabajo y objetivos.<\/p>\n","protected":false},"excerpt":{"rendered":"<p>La Federaci\u00f3n de Asociaciones de Empresarios de la Safor celebr\u00f3 este pasado martes, 21 de mayo, su Asamblea General Ordinaria y Asamblea General Extraordinaria. El acto cont\u00f3 con la asistencia del presidente de la Confederaci\u00f3n Empresarial\u00a0de la\u00a0Comunitat Valenciana,\u00a0Salvador Navarro Pradas.<\/p>\n","protected":false},"author":33,"featured_media":0,"comment_status":"open","ping_status":"open","sticky":false,"template":"","format":"standard","meta":{"colormag_page_layout":"default_layout","footnotes":""},"categories":[],"tags":[],"class_list":["post-7449","post","type-post","status-publish","format-standard","hentry"],"_links":{"self":[{"href":"https:\/\/faesafor.com\/es\/wp-json\/wp\/v2\/posts\/7449","targetHints":{"allow":["GET"]}}],"collection":[{"href":"https:\/\/faesafor.com\/es\/wp-json\/wp\/v2\/posts"}],"about":[{"href":"https:\/\/faesafor.com\/es\/wp-json\/wp\/v2\/types\/post"}],"author":[{"embeddable":true,"href":"https:\/\/faesafor.com\/es\/wp-json\/wp\/v2\/users\/33"}],"replies":[{"embeddable":true,"href":"https:\/\/faesafor.com\/es\/wp-json\/wp\/v2\/comments?post=7449"}],"version-history":[{"count":0,"href":"https:\/\/faesafor.com\/es\/wp-json\/wp\/v2\/posts\/7449\/revisions"}],"wp:attachment":[{"href":"https:\/\/faesafor.com\/es\/wp-json\/wp\/v2\/media?parent=7449"}],"wp:term":[{"taxonomy":"category","embeddable":true,"href":"https:\/\/faesafor.com\/es\/wp-json\/wp\/v2\/categories?post=7449"},{"taxonomy":"post_tag","embeddable":true,"href":"https:\/\/faesafor.com\/es\/wp-json\/wp\/v2\/tags?post=7449"}],"curies":[{"name":"wp","href":"https:\/\/api.w.org\/{rel}","templated":true}]}}