{"id":7454,"date":"2019-05-28T16:54:10","date_gmt":"2019-05-28T15:54:10","guid":{"rendered":"http:\/\/www.faesafor.com\/es\/?p=7454"},"modified":"2019-05-28T16:55:36","modified_gmt":"2019-05-28T15:55:36","slug":"faes-la-catedra-de-innovacion-del-campus-de-gandia-upv-y-akto-impulsan-el-programa-explota-tu-talento","status":"publish","type":"post","link":"https:\/\/faesafor.com\/es\/faes-la-catedra-de-innovacion-del-campus-de-gandia-upv-y-akto-impulsan-el-programa-explota-tu-talento\/","title":{"rendered":"FAES, la C\u00e1tedra de Innovaci\u00f3n del Campus de Gandia UPV y AKTO impulsan el programa Explota tu Talento"},"content":{"rendered":"<p>La C\u00e1tedra de Innovaci\u00f3n del Campus de Gandia ha creado un programa centrado en el desarrollo de Soft Skills profesionales (habilidades blandas) para potenciar el talento de las personas. Bajo el nombre de Explota tu Talento, la C\u00e1tedra y AKTO consultor\u00eda en PRL, ponen en marcha este proyecto focalizando su primera fase en una oferta formativa centrada en el desarrollo del Talento Expresivo, adentr\u00e1ndose en las Competencias de la Comunicaci\u00f3n.<\/p>\n<p>La C\u00e1tedra y AKTO van a articular este programa a trav\u00e9s de Fomento AIC, en sus instalaciones de Gandia, y en estrecha colaboraci\u00f3n con la Federaci\u00f3n de Asociaciones de Empresarios de la Safor (FAES).<\/p>\n<p>Esta propuesta est\u00e1 aprobada por el \u00c1rea de Formaci\u00f3n.<\/p>\n<p>El curso se dirige a las empresas interesadas en mejorar la calidad y competitividad de la comunicaci\u00f3n en sus organizaciones, y a los estudiantes universitarios de \u00faltimos cursos de grados que quieran disfrutar de esta formaci\u00f3n junto a las principales empresas de la comarca.<\/p>\n<p>Durante seis sesiones eminentemente pr\u00e1cticas y en un total de 16 horas se trabajar\u00e1n mediante t\u00e9cnicas las principales competencias de la comunicaci\u00f3n.<\/p>\n<p><strong>LENGUAJE NO VERBAL<\/strong><\/p>\n<p>1\u00aa Sesi\u00f3n; 4 de junio 18:00h-20:00h | Adaptaci\u00f3n al cliente por su rostro |<\/p>\n<p>2\u00aa Sesi\u00f3n; 6 de junio 18:00h-20:00h | An\u00e1lisis de gestualidad inconsciente |<\/p>\n<p><strong>ESCUCHA ACTIVA<\/strong><\/p>\n<p>3\u00aa Sesi\u00f3n; 11 de junio 18:00h-20:00h | La escucha activa como catalizador de informaci\u00f3n |<\/p>\n<p>4\u00aa Sesi\u00f3n; 13 de junio 16:00h-20:00h | T\u00e9cnicas de escucha activa |<\/p>\n<p><strong>COMUNICACI\u00d3N EFECTIVA<\/strong><\/p>\n<p>5\u00aa Sesi\u00f3n; 18 de junio 18:00h-20:00h | Herramientas para hablar en p\u00fablico |<\/p>\n<p>6\u00aa Sesi\u00f3n; 20 de junio 16:00h-20:00h | Presentaci\u00f3n de impacto |<\/p>\n<p>Como punto de partida, todos los participantes tendr\u00e1n la oportunidad de conocer la intensidad de sus cinco talentos con el Test del ADNe del Talento, desarrollado exclusivamente para el programa por el investigador El\u00edas Azulay, y trabajar con esta formaci\u00f3n cada uno de los recursos del Talento Expresivo. Adem\u00e1s contar\u00e1n con un Work Planner que les permitir\u00e1 llevar un seguimiento de sus avances, junto al apoyo de la Coach Marta Ciudad (Coach CAC certificada por ASESCO) y responsable de este programa de Soft Skills, a fin de detectar los posibles obst\u00e1culos en el progreso individual.<\/p>\n<p>El curso es bonificable mediante la Fundaci\u00f3n Tripartita hasta su totalidad para las empresas participantes con cr\u00e9ditos suficientes para tal fin.<\/p>\n<p>Inscripci\u00f3n:<\/p>\n<p><a href=\"https:\/\/gandiainnova.webs.upv.es\/talento\/programa\/\">https:\/\/gandiainnova.webs.upv.es\/talento\/programa\/<\/a><\/p>\n","protected":false},"excerpt":{"rendered":"<p>La C\u00e1tedra de Innovaci\u00f3n del Campus de Gandia ha creado un programa centrado en el desarrollo de Soft Skills profesionales (habilidades blandas) para potenciar el talento de las personas.Bajo el nombre de Explota tu Talento, la C\u00e1tedra y AKTO consultor\u00eda en PRL, ponen en marcha este proyecto focalizando su primera fase en una oferta formativa centrada en el desarrollo del Talento Expresivo, adentr\u00e1ndose en las Competencias de la Comunicaci\u00f3n.<\/p>\n","protected":false},"author":33,"featured_media":0,"comment_status":"open","ping_status":"open","sticky":false,"template":"","format":"standard","meta":{"colormag_page_layout":"default_layout","footnotes":""},"categories":[],"tags":[],"class_list":["post-7454","post","type-post","status-publish","format-standard","hentry"],"_links":{"self":[{"href":"https:\/\/faesafor.com\/es\/wp-json\/wp\/v2\/posts\/7454","targetHints":{"allow":["GET"]}}],"collection":[{"href":"https:\/\/faesafor.com\/es\/wp-json\/wp\/v2\/posts"}],"about":[{"href":"https:\/\/faesafor.com\/es\/wp-json\/wp\/v2\/types\/post"}],"author":[{"embeddable":true,"href":"https:\/\/faesafor.com\/es\/wp-json\/wp\/v2\/users\/33"}],"replies":[{"embeddable":true,"href":"https:\/\/faesafor.com\/es\/wp-json\/wp\/v2\/comments?post=7454"}],"version-history":[{"count":0,"href":"https:\/\/faesafor.com\/es\/wp-json\/wp\/v2\/posts\/7454\/revisions"}],"wp:attachment":[{"href":"https:\/\/faesafor.com\/es\/wp-json\/wp\/v2\/media?parent=7454"}],"wp:term":[{"taxonomy":"category","embeddable":true,"href":"https:\/\/faesafor.com\/es\/wp-json\/wp\/v2\/categories?post=7454"},{"taxonomy":"post_tag","embeddable":true,"href":"https:\/\/faesafor.com\/es\/wp-json\/wp\/v2\/tags?post=7454"}],"curies":[{"name":"wp","href":"https:\/\/api.w.org\/{rel}","templated":true}]}}