{"id":7709,"date":"2019-11-12T13:20:35","date_gmt":"2019-11-12T12:20:35","guid":{"rendered":"http:\/\/www.faesafor.com\/es\/?p=7709"},"modified":"2019-11-12T13:20:38","modified_gmt":"2019-11-12T12:20:38","slug":"acco-i-lajuntament-doliva-presenten-la-iniciativa-xicotet-comerc-es-el-seu-torn-per-a-reivindicar-un-consum-mes-proxim-sostenible-i-contributiu","status":"publish","type":"post","link":"https:\/\/faesafor.com\/es\/acco-i-lajuntament-doliva-presenten-la-iniciativa-xicotet-comerc-es-el-seu-torn-per-a-reivindicar-un-consum-mes-proxim-sostenible-i-contributiu\/","title":{"rendered":"ACCO i l\u2019Ajuntament d\u2019Oliva presenten la iniciativa \u201cXicotet Comer\u00e7. \u00c9s el seu torn\u201d per a reivindicar un consum m\u00e9s pr\u00f2xim, sostenible i contributiu"},"content":{"rendered":"\n<p>L\u2019Associaci\u00f3 de Comerciants d\u2019Oliva ha presentat hui la campanya \u201cXicotet comer\u00e7. \u00c9s el seu torn\u201d, una iniciativa promoguda en l\u2019\u00e0mbit auton\u00f2mic per la Confederaci\u00f3 de Comer\u00e7 d\u2019Alacant, Castell\u00f3 i Val\u00e8ncia \u2013 Confecomer\u00e7 CV que persegueix la declaraci\u00f3 d\u2019un Dia Mundial del Xicotet Comer\u00e7 per a posar de manifest el destacat paper del sector del comer\u00e7 minorista, no nom\u00e9s en l\u2019\u00e0mbit econ\u00f2mic i de foment de l\u2019ocupaci\u00f3 sin\u00f3 tamb\u00e9 socialment i mediambientalment, garantint la proximitat, preservaci\u00f3 del territori, promoci\u00f3 de productes aut\u00f2ctons, prove\u00efment i dotaci\u00f3 de servei als municipis.<\/p>\n\n\n\n<!--more-->\n\n\n\n<p>La campanya ha sigut presentada per l\u2019alcalde d\u2019Oliva, David Gonz\u00e1lez, la regidora de Comer\u00e7, Mercats i Consum, Yolanda Balaguer, i la presidenta d\u2019ACCO, Rosa Llopis.<\/p>\n\n\n\n<p>\u201cXicotet comer\u00e7. \u00c9s el seu torn\u201d \u00e9s molt m\u00e9s que una campanya de comunicaci\u00f3. \u201c\u00c9s un moviment social que, tal com ha explicat la representant de l\u2019associaci\u00f3, reivindica \u201cuna altra manera de comprar, m\u00e9s pausada, m\u00e9s pr\u00f2xima, m\u00e9s sostenible, m\u00e9s contributiva. En definitiva, m\u00e9s pr\u00f2xima al que representa i promou el xicotet comer\u00e7\u201d assenyalava la presidenta d\u2019ACCO, Rosa Llopis.<\/p>\n\n\n\n<p>Els comer\u00e7os de l\u2019Associaci\u00f3 de Comerciants d\u2019Oliva que participen en la campanya lluiran en els seus aparadors una cartelleria en la qual es posar\u00e0 de manifest les raons per a donar suport a la iniciativa, al mateix temps que tamb\u00e9 distribuiran entre els seus clients bosses de paper amb lemes amb frases com \u201cPower al xicotet\u201d, \u201cEl teu consum, el teu vot\u201d, \u201cProud to buy local\u201d, \u201cEdici\u00f3 Limitada\u201d i \u201cFan del xicotet comer\u00e7\u201d, sent una manera de reclamar el nombre m\u00e9s gran de signatures.<\/p>\n\n\n\n<p>Segons ha explicat la regidora Yolanda Balaguer \u201caix\u00f2 es dur\u00e0 a terme mitjan\u00e7ant una campanya de recollida de signatures a trav\u00e9s de la web essuturno.com i la plataforma Change.org, on clients, ve\u00efns i p\u00fablic en general puguen subscriure la petici\u00f3 i que s\u2019allargar\u00e0 fins al mes de desembre\u201d.<\/p>\n\n\n\n<p>Per \u00faltim, l\u2019Alcalde d\u2019Oliva ha assenyalat que \u201cl\u2019ajuntament sempre estar\u00e0 al costat del comer\u00e7 d\u2019Oliva donat que \u00e9s un dels motors econ\u00f2mics de la ciutat\u201d.<\/p>\n","protected":false},"excerpt":{"rendered":"<p>L\u2019Associaci\u00f3 de Comerciants d\u2019Oliva ha presentat hui la campanya \u201cXicotet comer\u00e7. \u00c9s el seu torn\u201d, una iniciativa promoguda en l\u2019\u00e0mbit auton\u00f2mic per la Confederaci\u00f3 de Comer\u00e7 d\u2019Alacant, Castell\u00f3 i Val\u00e8ncia \u2013 Confecomer\u00e7 CV que persegueix la declaraci\u00f3 d\u2019un Dia Mundial del Xicotet Comer\u00e7 per a posar de manifest el destacat paper del sector del comer\u00e7 minorista, no nom\u00e9s en l\u2019\u00e0mbit econ\u00f2mic i de foment de l\u2019ocupaci\u00f3 sin\u00f3 tamb\u00e9 socialment i mediambientalment, garantint la proximitat, preservaci\u00f3 del territori, promoci\u00f3 de productes aut\u00f2ctons, prove\u00efment i dotaci\u00f3 de servei als municipis.<\/p>\n","protected":false},"author":33,"featured_media":0,"comment_status":"open","ping_status":"open","sticky":false,"template":"","format":"standard","meta":{"colormag_page_layout":"default_layout","footnotes":""},"categories":[],"tags":[],"class_list":["post-7709","post","type-post","status-publish","format-standard","hentry"],"_links":{"self":[{"href":"https:\/\/faesafor.com\/es\/wp-json\/wp\/v2\/posts\/7709","targetHints":{"allow":["GET"]}}],"collection":[{"href":"https:\/\/faesafor.com\/es\/wp-json\/wp\/v2\/posts"}],"about":[{"href":"https:\/\/faesafor.com\/es\/wp-json\/wp\/v2\/types\/post"}],"author":[{"embeddable":true,"href":"https:\/\/faesafor.com\/es\/wp-json\/wp\/v2\/users\/33"}],"replies":[{"embeddable":true,"href":"https:\/\/faesafor.com\/es\/wp-json\/wp\/v2\/comments?post=7709"}],"version-history":[{"count":0,"href":"https:\/\/faesafor.com\/es\/wp-json\/wp\/v2\/posts\/7709\/revisions"}],"wp:attachment":[{"href":"https:\/\/faesafor.com\/es\/wp-json\/wp\/v2\/media?parent=7709"}],"wp:term":[{"taxonomy":"category","embeddable":true,"href":"https:\/\/faesafor.com\/es\/wp-json\/wp\/v2\/categories?post=7709"},{"taxonomy":"post_tag","embeddable":true,"href":"https:\/\/faesafor.com\/es\/wp-json\/wp\/v2\/tags?post=7709"}],"curies":[{"name":"wp","href":"https:\/\/api.w.org\/{rel}","templated":true}]}}