{"id":8491,"date":"2021-08-09T19:16:02","date_gmt":"2021-08-09T18:16:02","guid":{"rendered":"http:\/\/www.faesafor.com\/es\/?p=8491"},"modified":"2021-08-09T19:17:50","modified_gmt":"2021-08-09T18:17:50","slug":"ayudas-del-ivace-para-la-adquisicion-de-vehiculos-de-energias-alternativas","status":"publish","type":"post","link":"https:\/\/faesafor.com\/es\/ayudas-del-ivace-para-la-adquisicion-de-vehiculos-de-energias-alternativas\/","title":{"rendered":"Ayudas del IVACE para la adquisici\u00f3n de veh\u00edculos de energ\u00edas alternativas"},"content":{"rendered":"\n<p>Se ha publicado en el DOGV la convocatoria de\u00a0<strong>ayudas del IVACE para la adquisici\u00f3n de veh\u00edculos el\u00e9ctricos enchufables y de pila de combustible\u00a0<\/strong>dentro del programa de incentivos a la movilidad el\u00e9ctrica\u00a0<strong>(MOVES III-Veh\u00edculos Comunitat Valenciana)<\/strong>, y por la que se convoca la adhesi\u00f3n de concesionarios y puntos de venta de dichos veh\u00edculos.<\/p>\n\n\n\n<p>Beneficiarios<\/p>\n\n\n\n<p>1.&nbsp;&nbsp;&nbsp;&nbsp;&nbsp;&nbsp;&nbsp;Personas jur\u00eddicas cuyo n\u00famero de identificaci\u00f3n fiscal (NIF) comience por las letras A, B, C, D, E, F, G, J, R o W, que tengan su domicilio social en la CV, o bien que desarrollen su actividad, cuenten con una sede y tengan parte de su plantilla en la CV.<\/p>\n\n\n\n<p>2.&nbsp;&nbsp;&nbsp;&nbsp;&nbsp;&nbsp;&nbsp;Entidades de conservaci\u00f3n de pol\u00edgonos o sociedades agrarias de transformaci\u00f3n cuyo NIF comience por V.<\/p>\n\n\n\n<p>3.&nbsp;&nbsp;&nbsp;&nbsp;&nbsp;&nbsp;&nbsp;Profesionales aut\u00f3nomos con domicilio en la CV y est\u00e9n dados de alta en el Censo de Empresarios, Profesionales y Retenedores.<\/p>\n\n\n\n<p>4.&nbsp;&nbsp;&nbsp;&nbsp;&nbsp;&nbsp;&nbsp;Personas f\u00edsicas, mayores de edad (excepto casos de discapacidad), con residencia en la CV, no incluidas en el anterior apartado.<\/p>\n\n\n\n<p>5.&nbsp;&nbsp;&nbsp;&nbsp;&nbsp;&nbsp;&nbsp;Comunidades de propietarios con domicilio en la CV<\/p>\n\n\n\n<p>6.&nbsp;&nbsp;&nbsp;&nbsp;&nbsp;&nbsp;&nbsp;Entidades locales.<\/p>\n\n\n\n<p>Objeto<\/p>\n\n\n\n<p>Adquisici\u00f3n directa o por medios de operaciones de leasing financiero o arrendamiento por renting (leasing operativo) de&nbsp;<strong>veh\u00edculos nuevos,<\/strong>&nbsp;matriculados por primera vez en Espa\u00f1a, con fecha de factura de compraventa y matriculaci\u00f3n posterior a la fecha de solicitud de la ayuda en el caso de los beneficiarios 1,2 y 6 con actividad econ\u00f3mica, y posterior a 9 de abril de 2021 para el resto.<\/p>\n\n\n\n<p>Tambi\u00e9n se subvencionar\u00e1n los veh\u00edculos el\u00e9ctricos y de pila de combustible de categor\u00edas &nbsp;M1, N1, L3e, L4e y L5e, con hasta 9 meses de antig\u00fcedad con titularidad del concesionario, punto de venta o fabricante\/importador que realice la venta (veh\u00edculo de demostraci\u00f3n).<\/p>\n\n\n\n<p>Veh\u00edculos incentivables<\/p>\n\n\n\n<p>&#8211;&nbsp;&nbsp;&nbsp;&nbsp;&nbsp;&nbsp;Categor\u00edas:&nbsp;<strong>turismos M1, furgonetas o camiones ligeros N1<\/strong>&nbsp;(masa m\u00e1xima en carga admisible hasta 3,5 toneladas),&nbsp;<strong>cuadriciclos ligeros y pesados L6e y L7e y, motocicletas L3e, L4e y L5e.<\/strong><\/p>\n\n\n\n<p>&#8211;&nbsp;&nbsp;&nbsp;&nbsp;&nbsp;&nbsp;Los veh\u00edculos susceptibles de incentivo deben figurar en la base de veh\u00edculos del IDAE, en el siguiente enlace:&nbsp;<a href=\"http:\/\/coches.idae.es\/base-datos\/vehiculos-elegibles-programa-MOVES\" target=\"_blank\" rel=\"noreferrer noopener\">http:\/\/coches.idae.es\/base-datos\/vehiculos-elegibles-programa-MOVES<\/a>, y cumplir los requisitos indicados en el Art\u00edculo 3 de la Convocatoria.<\/p>\n\n\n\n<p>&#8211;&nbsp;&nbsp;&nbsp;&nbsp;&nbsp;&nbsp;No es obligatorio achatarrar un coche, aunque se dar\u00e1 un importe de ayuda superior si acredita la baja definitiva en circulaci\u00f3n de un veh\u00edculo con antig\u00fcedad superior a 7 a\u00f1os.<\/p>\n\n\n\n<p>Ayudas<\/p>\n\n\n\n<p>&#8211;&nbsp;&nbsp;&nbsp;&nbsp;&nbsp;&nbsp;La cuant\u00eda de la ayuda variar\u00e1 seg\u00fan el solicitante, categor\u00eda y tipo de veh\u00edculo adquirido, conforme lo establecido en el art\u00edculo 4 de la convocatoria.<\/p>\n\n\n\n<p>&#8211;&nbsp;&nbsp;&nbsp;&nbsp;&nbsp;&nbsp;Se otorgar\u00e1n a las solicitudes que cumplan con los requisitos establecidos, por orden de presentaci\u00f3n de las mismas.<\/p>\n\n\n\n<p>&#8211;&nbsp;&nbsp;&nbsp;&nbsp;&nbsp;&nbsp;Estas ayudas son incompatibles, con cualquier otra subvenci\u00f3n o ayuda para la misma finalidad, procedentes de cualquier Administraci\u00f3n, o entes p\u00fablicos o privados nacionales, de la Uni\u00f3n Europea o de organismos internacionales.<\/p>\n\n\n\n<p>Plazo y solicitudes<\/p>\n\n\n\n<p><strong>Desde el 29 de julio de 2021 &nbsp;hasta el 31 de diciembre de 2023.&nbsp;<\/strong>Si se produce un agotamiento del presupuesto disponible antes del cierre del programa, las solicitudes que se presenten, se registrar\u00e1n en lista de reserva provisional, y ser\u00e1n atendidas cuando se produzcan desestimaciones, desistimientos, renuncias o revocaciones.<\/p>\n\n\n\n<p>La ayuda se tramitar\u00e1 telem\u00e1ticamente&nbsp;<strong>a trav\u00e9s de un concesionario\/punto de venta adherido<\/strong>&nbsp;al programa MOVES-Veh\u00edculos de la Comunitat Valenciana.<\/p>\n\n\n\n<p><strong>Adhesi\u00f3n de concesionarios y puntos de venta<\/strong><\/p>\n\n\n\n<p>Podr\u00e1n adherirse las empresas autorizadas para la comercializaci\u00f3n de veh\u00edculos que acrediten estar dadas de alta mediante el ep\u00edgrafe del Impuesto sobre Actividades Econ\u00f3micas (IAE) 615.1 o 654.1 y tengan su domicilio, sede social o establecimiento en la Comunitat Valenciana, conforme a lo establecido en art\u00edculo 13 de la convocatoria. La adhesi\u00f3n de los concesionarios\/puntos de venta, se realizar\u00e1 a trav\u00e9s del&nbsp;<a href=\"http:\/\/movesprivada.ivace.es\/privada\/public\/alta_concesionario.html?tipo=C\" target=\"_blank\" rel=\"noreferrer noopener\">siguiente enlace<\/a>&nbsp;y, comprender\u00e1 del 22 de julio de 2021 al 30 de noviembre de 2023.<\/p>\n\n\n\n<p>M\u00e1s informaci\u00f3n<\/p>\n\n\n\n<p>&#8211;&nbsp;&nbsp;&nbsp;&nbsp;&nbsp;&nbsp;Portal MOVES III-CV:&nbsp;<a href=\"http:\/\/moves.ivace.es\/es\/home-moves\" target=\"_blank\" rel=\"noreferrer noopener\">http:\/\/moves.ivace.es\/es\/home-moves<\/a><\/p>\n\n\n\n<p>&#8211;&nbsp;&nbsp;&nbsp;&nbsp;&nbsp;&nbsp;Bases reguladoras:&nbsp;<a href=\"https:\/\/www.boe.es\/boe\/dias\/2021\/04\/14\/pdfs\/BOE-A-2021-5869.pdf\" target=\"_blank\" rel=\"noreferrer noopener\">Real Decreto 266\/2021, de 13 de abril, por el que se aprueba la concesi\u00f3n directa de ayudas a las comunidades aut\u00f3nomas y a las ciudades de Ceuta y Melilla para la ejecuci\u00f3n de programas de incentivos ligados a la movilidad el\u00e9ctrica (MOVES III) en el marco del Plan de Recuperaci\u00f3n, Transformaci\u00f3n y Resiliencia Europeo.<\/a>&nbsp;(BOE de 14\/04\/2021)<\/p>\n\n\n\n<p>&#8211;&nbsp;&nbsp;&nbsp;&nbsp;&nbsp;&nbsp;Convocatoria:&nbsp;<a href=\"https:\/\/dogv.gva.es\/datos\/2021\/07\/19\/pdf\/2021_7785.pdf\" target=\"_blank\" rel=\"noreferrer noopener\">Resoluci\u00f3n de 14 de julio de 2021, del presidente del Instituto Valenciano de Competitividad Empresarial (IVACE), por la que se convocan ayudas para la adquisici\u00f3n de veh\u00edculos el\u00e9ctricos enchufables y de pila combustible dentro del programa de incentivos ligados a la movilidad el\u00e9ctrica, con cargo al presupuesto del ejercicio 2021 (Programa MOVES III-Veh\u00edculos Comunitat Valenciana) y por la que se convoca la adhesi\u00f3n de concesionarios y puntos de venta de dichos veh\u00edculos<\/a>. (DOGV de 19\/07\/2021)&nbsp;<a href=\"https:\/\/dogv.gva.es\/datos\/2021\/07\/19\/pdf\/2021_7787.pdf\" target=\"_blank\" rel=\"noreferrer noopener\">Extracto de la convocatoria<\/a><\/p>\n\n\n\n<p>&#8211;\u00a0\u00a0\u00a0\u00a0\u00a0\u00a0Informe CEV \u201cProgramas nacionales y auton\u00f3micos destinados a la adquisici\u00f3n de veh\u00edculos \u201c (enlace inferior)<\/p>\n\n\n\n<div class=\"wp-block-file\"><a href=\"http:\/\/www.faesafor.com\/es\/wp-content\/uploads\/2021\/08\/CEV_Programas-destinados-a-veh\u00edculos-20210719.pdf\">CEV_Programas-destinados-a-veh\u00edculos-20210719<\/a><a href=\"http:\/\/www.faesafor.com\/es\/wp-content\/uploads\/2021\/08\/CEV_Programas-destinados-a-veh\u00edculos-20210719.pdf\" class=\"wp-block-file__button\" download>Descarga<\/a><\/div>\n","protected":false},"excerpt":{"rendered":"<p>Se ha publicado en el DOGV la convocatoria de\u00a0ayudas del IVACE para la adquisici\u00f3n de veh\u00edculos el\u00e9ctricos enchufables y de<\/p>\n","protected":false},"author":33,"featured_media":0,"comment_status":"open","ping_status":"open","sticky":false,"template":"","format":"standard","meta":{"colormag_page_layout":"default_layout","footnotes":""},"categories":[],"tags":[],"class_list":["post-8491","post","type-post","status-publish","format-standard","hentry"],"_links":{"self":[{"href":"https:\/\/faesafor.com\/es\/wp-json\/wp\/v2\/posts\/8491","targetHints":{"allow":["GET"]}}],"collection":[{"href":"https:\/\/faesafor.com\/es\/wp-json\/wp\/v2\/posts"}],"about":[{"href":"https:\/\/faesafor.com\/es\/wp-json\/wp\/v2\/types\/post"}],"author":[{"embeddable":true,"href":"https:\/\/faesafor.com\/es\/wp-json\/wp\/v2\/users\/33"}],"replies":[{"embeddable":true,"href":"https:\/\/faesafor.com\/es\/wp-json\/wp\/v2\/comments?post=8491"}],"version-history":[{"count":0,"href":"https:\/\/faesafor.com\/es\/wp-json\/wp\/v2\/posts\/8491\/revisions"}],"wp:attachment":[{"href":"https:\/\/faesafor.com\/es\/wp-json\/wp\/v2\/media?parent=8491"}],"wp:term":[{"taxonomy":"category","embeddable":true,"href":"https:\/\/faesafor.com\/es\/wp-json\/wp\/v2\/categories?post=8491"},{"taxonomy":"post_tag","embeddable":true,"href":"https:\/\/faesafor.com\/es\/wp-json\/wp\/v2\/tags?post=8491"}],"curies":[{"name":"wp","href":"https:\/\/api.w.org\/{rel}","templated":true}]}}