{"id":9316,"date":"2023-11-13T17:52:45","date_gmt":"2023-11-13T16:52:45","guid":{"rendered":"http:\/\/www.faesafor.com\/es\/?p=9316"},"modified":"2023-11-13T17:52:46","modified_gmt":"2023-11-13T16:52:46","slug":"xxiv-encuentro-empresarial-premios-faes-2023-anuncio-fecha-lugar-y-premiados","status":"publish","type":"post","link":"https:\/\/faesafor.com\/es\/xxiv-encuentro-empresarial-premios-faes-2023-anuncio-fecha-lugar-y-premiados\/","title":{"rendered":"XXIV ENCUENTRO EMPRESARIAL-PREMIOS FAES 2023 ANUNCIO FECHA, LUGAR Y PREMIADOS"},"content":{"rendered":"\n<p><strong>La Federaci\u00f3n de Asociaciones de Empresarios de la Safor (FAES)<\/strong>, convoca a los medios de comunicaci\u00f3n a la Rueda de Prensa organizada para el <strong>jueves, 16 de noviembre a las 11:30h<\/strong> en el Edificio de Fomento de Agricultura, Industria y Comercio de Gandia (Sal\u00f3n Noble).<\/p>\n\n\n\n<p>La Junta Directiva se reuni\u00f3 el pasado 24 de octubre y ratific\u00f3 el acuerdo de la reuni\u00f3n del \u00c1rea de premios celebrada el 4 de octubre. En la reuni\u00f3n se acord\u00f3 la realizaci\u00f3n del acto de reconocimiento empresarial y el formato de la entrega de premios 2023.<\/p>\n\n\n\n<p>La celebraci\u00f3n del <strong>XXIV Encuentro Empresarial-Premios FAES 2023<\/strong> tendr\u00e1 lugar en la <strong>UPV Campus de Gandia, Escuela Polit\u00e9cnica Superior (Aula Magna)<\/strong>, el pr\u00f3ximo <strong>29 de noviembre a las 19:30h<\/strong>.<\/p>\n\n\n\n<p><strong>En la rueda de prensa se anunciar\u00e1n los premiados del XXIV Encuentro EmpresarialPremios FAES 2023.<\/strong><\/p>\n\n\n\n<p>Asistir\u00e1 el Excelent\u00edsimo Alcalde del Ayuntamiento de Gandia, J<strong>os\u00e9 Manuel Prieto<\/strong>, el Presidente de FAES <strong>Juan Pablo Tur<\/strong>, tambi\u00e9n est\u00e1 prevista la asistencia de la Excelent\u00edsima Alcaldesa del Ayuntamiento de Oliva<strong>, Yolanda Pastor<\/strong>.<\/p>\n\n\n\n<p>Tambi\u00e9n contaremos con la presencia del director, <strong>Jes\u00fas Alba<\/strong> y subdirector <strong>Vicent Altur<\/strong> de la UPV Campus de Gandia, Escuela Polit\u00e9cnica Superior, quienes anunciaran el premiado de este ejercicio.<\/p>\n\n\n\n<p>Adem\u00e1s, asistir\u00e1n los Presidentes\/as y Miembros de la Junta Directiva de FAES. Y los patrocinadores y colaboradores de la Gala.<\/p>\n","protected":false},"excerpt":{"rendered":"<p>La Federaci\u00f3n de Asociaciones de Empresarios de la Safor (FAES), convoca a los medios de comunicaci\u00f3n a la Rueda de<\/p>\n","protected":false},"author":36,"featured_media":0,"comment_status":"open","ping_status":"open","sticky":false,"template":"","format":"standard","meta":{"colormag_page_layout":"default_layout","footnotes":""},"categories":[],"tags":[],"class_list":["post-9316","post","type-post","status-publish","format-standard","hentry"],"_links":{"self":[{"href":"https:\/\/faesafor.com\/es\/wp-json\/wp\/v2\/posts\/9316","targetHints":{"allow":["GET"]}}],"collection":[{"href":"https:\/\/faesafor.com\/es\/wp-json\/wp\/v2\/posts"}],"about":[{"href":"https:\/\/faesafor.com\/es\/wp-json\/wp\/v2\/types\/post"}],"author":[{"embeddable":true,"href":"https:\/\/faesafor.com\/es\/wp-json\/wp\/v2\/users\/36"}],"replies":[{"embeddable":true,"href":"https:\/\/faesafor.com\/es\/wp-json\/wp\/v2\/comments?post=9316"}],"version-history":[{"count":0,"href":"https:\/\/faesafor.com\/es\/wp-json\/wp\/v2\/posts\/9316\/revisions"}],"wp:attachment":[{"href":"https:\/\/faesafor.com\/es\/wp-json\/wp\/v2\/media?parent=9316"}],"wp:term":[{"taxonomy":"category","embeddable":true,"href":"https:\/\/faesafor.com\/es\/wp-json\/wp\/v2\/categories?post=9316"},{"taxonomy":"post_tag","embeddable":true,"href":"https:\/\/faesafor.com\/es\/wp-json\/wp\/v2\/tags?post=9316"}],"curies":[{"name":"wp","href":"https:\/\/api.w.org\/{rel}","templated":true}]}}