{"id":9592,"date":"2024-02-13T17:51:42","date_gmt":"2024-02-13T16:51:42","guid":{"rendered":"http:\/\/www.faesafor.com\/es\/?p=9592"},"modified":"2024-02-13T17:57:13","modified_gmt":"2024-02-13T16:57:13","slug":"charla-sobre-actualidad-inmobiliaria-situacion-legal-y-juridica-actual-en-el-sector","status":"publish","type":"post","link":"https:\/\/faesafor.com\/es\/charla-sobre-actualidad-inmobiliaria-situacion-legal-y-juridica-actual-en-el-sector\/","title":{"rendered":"Charla sobre Actualidad Inmobiliaria: Situaci\u00f3n Legal y Jur\u00eddica Actual en el Sector"},"content":{"rendered":"\n<p>La Asociaci\u00f3n de Inmobiliarias de la Safor (AISMAR) se complace en presentar una serie de charlas dedicadas a abordar la situaci\u00f3n legal y jur\u00eddica actual en el \u00e1mbito inmobiliario. Estas sesiones informativas, organizadas con el objetivo de proporcionar conocimientos esenciales, contar\u00e1n con la destacada participaci\u00f3n de expertos en la materia.<\/p>\n\n\n\n<p class=\"has-medium-font-size\">Detalles del Evento:<\/p>\n\n\n\n<p><strong>Charla:<\/strong> Situaci\u00f3n legal y jur\u00eddica actual: medidas preventivas, procedimientos de actuaci\u00f3n y consejos para evitar perjuicios adicionales.<\/p>\n\n\n\n<p><strong>Conferencistas:<\/strong> Javier Medina Valverde, abogado ICAV 4642, acompa\u00f1ado de Guillermo Martos, Subinspector de la Delegaci\u00f3n de Participaci\u00f3n Ciudadana.<\/p>\n\n\n\n<p><strong>Fecha y Hora:<\/strong> Jueves, 15 de febrero a las 18:00 horas.<\/p>\n\n\n\n<p><strong>Lugar:<\/strong> Fomento Gandia, C\/ San F\u00aa de Borja, 56, 46702, Gandia.<\/p>\n\n\n\n<p>Esta charla est\u00e1 especialmente dise\u00f1ada para profesionales del sector inmobiliario e interesados en comprender a fondo las implicaciones legales y jur\u00eddicas que afectan al mismo.<\/p>\n\n\n\n<p>La entrada es libre, pero se requiere confirmaci\u00f3n previa. Para asegurar su participaci\u00f3n en esta valiosa sesi\u00f3n, le invitamos a completar nuestro <a href=\"https:\/\/docs.google.com\/forms\/d\/e\/1FAIpQLSd7RvmG0IRC2WZaSKeTGZfBdczvmMTyL0PdOTr4g3FhfNfWRQ\/viewform?pli=1\">formulario de inscripci\u00f3n<\/a>. Esta es una oportunidad \u00fanica para adquirir informaci\u00f3n relevante y actualizada en un entorno legal en constante evoluci\u00f3n.<\/p>\n\n\n\n<p>Agradecemos de antemano su inter\u00e9s y esperamos contar con su presencia en esta sesi\u00f3n informativa clave para el sector inmobiliario.<\/p>\n","protected":false},"excerpt":{"rendered":"<p>La Asociaci\u00f3n de Inmobiliarias de la Safor (AISMAR) se complace en presentar una serie de charlas dedicadas a abordar la<\/p>\n","protected":false},"author":36,"featured_media":0,"comment_status":"open","ping_status":"open","sticky":false,"template":"","format":"standard","meta":{"colormag_page_layout":"default_layout","footnotes":""},"categories":[],"tags":[],"class_list":["post-9592","post","type-post","status-publish","format-standard","hentry"],"_links":{"self":[{"href":"https:\/\/faesafor.com\/es\/wp-json\/wp\/v2\/posts\/9592","targetHints":{"allow":["GET"]}}],"collection":[{"href":"https:\/\/faesafor.com\/es\/wp-json\/wp\/v2\/posts"}],"about":[{"href":"https:\/\/faesafor.com\/es\/wp-json\/wp\/v2\/types\/post"}],"author":[{"embeddable":true,"href":"https:\/\/faesafor.com\/es\/wp-json\/wp\/v2\/users\/36"}],"replies":[{"embeddable":true,"href":"https:\/\/faesafor.com\/es\/wp-json\/wp\/v2\/comments?post=9592"}],"version-history":[{"count":0,"href":"https:\/\/faesafor.com\/es\/wp-json\/wp\/v2\/posts\/9592\/revisions"}],"wp:attachment":[{"href":"https:\/\/faesafor.com\/es\/wp-json\/wp\/v2\/media?parent=9592"}],"wp:term":[{"taxonomy":"category","embeddable":true,"href":"https:\/\/faesafor.com\/es\/wp-json\/wp\/v2\/categories?post=9592"},{"taxonomy":"post_tag","embeddable":true,"href":"https:\/\/faesafor.com\/es\/wp-json\/wp\/v2\/tags?post=9592"}],"curies":[{"name":"wp","href":"https:\/\/api.w.org\/{rel}","templated":true}]}}